{"id":391,"date":"2008-09-13T15:12:55","date_gmt":"2008-09-13T13:12:55","guid":{"rendered":"http:\/\/www.phreekz.de\/wordpress\/?p=391"},"modified":"2011-03-11T18:26:40","modified_gmt":"2011-03-11T16:26:40","slug":"expo-spanien-2008","status":"publish","type":"post","link":"https:\/\/www.phreekz.de\/wordpress\/2008\/09\/expo-spanien-2008\/","title":{"rendered":"Expo Spanien 2008"},"content":{"rendered":"<p><a href=\"http:\/\/www.phreekz.de\/wordpress\/wp-content\/uploads\/2008\/09\/2008_Expo2008_Ref.jpg\"><img loading=\"lazy\" decoding=\"async\" class=\"alignleft size-full wp-image-710\" title=\"2008 Expo2008 Ref\" src=\"http:\/\/www.phreekz.de\/wordpress\/wp-content\/uploads\/2008\/09\/2008_Expo2008_Ref.jpg\" alt=\"\" width=\"300\" height=\"400\" srcset=\"https:\/\/www.phreekz.de\/wordpress\/wp-content\/uploads\/2008\/09\/2008_Expo2008_Ref.jpg 300w, https:\/\/www.phreekz.de\/wordpress\/wp-content\/uploads\/2008\/09\/2008_Expo2008_Ref-225x300.jpg 225w\" sizes=\"auto, (max-width: 300px) 100vw, 300px\" \/><\/a><\/p>\n<p>Wieder mal eine Weltausstellung, diesmal in Spanien, Saragossa. Ich habe im Auftrag von Procon mit weiteren 20 Technikern den veranstaltungstechnischen Teil aufgebaut.<\/p>\n<p>Schwerpunkt : Medientechnik. Kameras anschlie\u00dfen, Displays aufh\u00e4ngen,  Leitungen ziehen und sonstige Arbeiten, die unserem Fortschritt zugute kommen. Im  Endeffekt hat allein der Medienbereich grob 2,5km Leitung verlegt, etwa  60 Displays aufgebaut, 6 Projektoren zwischen 6K und 12K Ansilumen  geh\u00e4ngt, und \u00fcber 80 Medienplayer &#8211; welche per Netzwerk angesprochen  werden &#8211; positioniert und in Bereitschaft gebracht. F\u00fcr den interaktiven  Teil sind mehrere Lichtschranken und RF-ID-Leseger\u00e4te  zust\u00e4ndig.<\/p>\n<p>Kurzum, 36 Tage Aufbau f\u00fcr einen Quasi-Festeinbau. Die Expo \u00f6ffnet ab  15.06.2008 f\u00fcr 3 Monate seine Tore. Chmee.<\/p>\n<h3>Anfang oder Ende &#8211; 13.05.2008<\/h3>\n<p><img loading=\"lazy\" decoding=\"async\" class=\"alignleft size-full wp-image-396\" title=\"_100_1615\" src=\"http:\/\/www.phreekz.de\/wordpress\/wp-content\/uploads\/2008\/09\/100_1615.jpg\" alt=\"_100_1615\" width=\"200\" height=\"80\" \/>Nun, damit hat Niemand gerechnet. Berlin-Barcelona, ja, da gibt es Direktfl\u00fcge, aber nee, wir erstmal ueber Mallorca ( StandBy etwa 1 Stunde ) nach Barcelona. Morgens um 10.20 in Berlin in den Flieger und nach insgesamt etwa 10 Stunden gegen 20.00 in Zaragoza auf dem Bahnhof. Ach ja, hier werden ICE-Schnellzuege ( Siemens, Danke ) eingesetzt, also nur knapp 2 Stunden.. Schick sag ich nur, 3 Stockwerk-Appartment; Wohnzimmer, Balkon, Kueche und WC im &#8222;Erdgescho\u00df&#8220;, die Einzelzimmer und Bad im 1. OG und zu guter Letzt eine Terrasse mit Rundumblick vom Dach.<\/p>\n<p><img loading=\"lazy\" decoding=\"async\" class=\"alignleft size-full wp-image-414\" title=\"_Bild070\" src=\"http:\/\/www.phreekz.de\/wordpress\/wp-content\/uploads\/2008\/09\/Bild070.jpg\" alt=\"_Bild070\" width=\"107\" height=\"80\" \/>Am ersten Abend zusammensetzen im Headquarter bei 20\u00b0C gegen 22.00Uhr. Am folgenden Tag dann Brunch und Kennenlernen &#8211; cool, wie Jugendaustausch &#8211; und Zurueck in die Appartments, Auffuellen der Kueche und Warmwerden mit dem Zimmernachbarn, immerhin werden es 36 Tage ohne Freizeit.<\/p>\n<h3>Was passiert denn da ?<\/h3>\n<p><img loading=\"lazy\" decoding=\"async\" class=\"alignleft size-full wp-image-430\" title=\"_P1000644\" src=\"http:\/\/www.phreekz.de\/wordpress\/wp-content\/uploads\/2008\/09\/P1000644.jpg\" alt=\"_P1000644\" width=\"107\" height=\"80\" \/>Aufbau des deutschen Pavillon auf der Expo 2008 in Zaragoza &#8211; Saragossa. Viele Displays &#8211; zwischen 15 und 46 Zoll &#8211; verschaltet mit Playern und angesteuert via Cat5. Dazu logischerweise Ton und Licht, nicht unsere Aufgabe, wir sind die Video\/Mediafraktion. Mit Lichtschranken und RF-ID-Karten werden Videos und T\u00f6ne ausgel\u00f6st. Kurzum, das Thema ist Wasser und die Gaeste des deutschen Pavillon werden mit Fl\u00f6\u00dfen ( naja, Design-Sitze trifft es wohl besser ) durch<\/p>\n<p><img loading=\"lazy\" decoding=\"async\" class=\"alignleft size-full wp-image-437\" title=\"_P1000703\" src=\"http:\/\/www.phreekz.de\/wordpress\/wp-content\/uploads\/2008\/09\/P1000703.jpg\" alt=\"_P1000703\" width=\"107\" height=\"80\" \/>eine Wasserbahn gezogen, auf der sie allerhand zum Thema Wasser erfahren werden. Etwa 50 Bildschirme, 12 Kameras, 6 Projektoren, 40 Player und gesch\u00e4tzte 2km Leitung allein f\u00fcr die Medientechnik.<\/p>\n<h3>Die Medienschlampen<\/h3>\n<p><img loading=\"lazy\" decoding=\"async\" class=\"alignleft size-full wp-image-408\" title=\"_100_1635\" src=\"http:\/\/www.phreekz.de\/wordpress\/wp-content\/uploads\/2008\/09\/100_1635.jpg\" alt=\"_100_1635\" width=\"107\" height=\"80\" \/>Nun also die Truppe der willigen Dummkoepfe : Daniel von Procon (TL), Nils, Christoph, Wolfgang, Thorsten und Chmee. Waehrend Nils, Christoph und Ich ( Chmee ) f\u00fcr die Allgemeinarbeiten zust\u00e4ndig sind ( trotzalledem Fachidiotie ), ist Thorsten fuer die Watchout-Projektion rangeholt worden und Wolfgang<\/p>\n<p>\u00fcbernimmt den Part der Medialon-Programmierung. ABER : Wie es so in Festeinbauten ist, haben wir auch L\u00f6cher gebohrt, gespachtelt, <img loading=\"lazy\" decoding=\"async\" class=\"alignleft size-full wp-image-397\" title=\"_100_1617\" src=\"http:\/\/www.phreekz.de\/wordpress\/wp-content\/uploads\/2008\/09\/100_1617.jpg\" alt=\"_100_1617\" width=\"127\" height=\"80\" \/>Haengepunkte gesetzt und Einiges mehr, da war die erste Woche nix mit Videotechniker, eher Trockenbauer mit Eignung zum Leitunglegen. Christoph und Nils haben die Haengepunkte gesetzt &#8211; mit Hilfe von Fuerst Rainer, dem netten Dekobauer. Ich habe mit den Azubis die Leitungen gezogen. Waehrend die Deckenpunkte starke Unterarme brachten, habe ich beim Leitungenziehen wohl eher m\u00fcde Beine bekommen.<\/p>\n<h3>Noch kann man einen Plan lesen und das Wetter geniessen &#8211; 14.05.2008<\/h3>\n<p><img loading=\"lazy\" decoding=\"async\" class=\"alignleft size-full wp-image-402\" title=\"_100_1624\" src=\"http:\/\/www.phreekz.de\/wordpress\/wp-content\/uploads\/2008\/09\/100_1624.jpg\" alt=\"_100_1624\" width=\"93\" height=\"80\" \/>Noch ist alles einfach. Der Plan hat noch klare Strukturen und kein Designer und keine Agentur kommt auf bessere Ideen. \u00dcbrigens erinnert es mich nach etwa 2 Wochen an Drueckerkolonnen, irgendwo untergebracht werden, Tuer wird abgeschlossen Morgens dann Aufschlie\u00dfen, ab zur Arbeit, solange Arbeiten, wie geht, dann ist es eh zu spaet fuer nen Spaziergang, also wieder nach Hause.. Nun, Tags\u00fcber etwa 30\u00b0C und abends-nachts immer noch zu warm zum ruhigen Schl<\/p>\n<p><img loading=\"lazy\" decoding=\"async\" class=\"alignleft size-full wp-image-452\" title=\"_P1000877\" src=\"http:\/\/www.phreekz.de\/wordpress\/wp-content\/uploads\/2008\/09\/P1000877.jpg\" alt=\"_P1000877\" width=\"107\" height=\"80\" \/>af. Zurueck zum Thema : Da der Plan noch stimmt, koennen wir, nach Absprache mit Daniel walten und agieren, alles OK. Aber nach inzwischen 2 Wochen sind doch mehrere \u00c4nderungen aufgetreten, die nicht unbedingt Gebautes ver\u00e4ndern, aber zu Machendes in die L\u00e4nge ziehen, da weder der Eine noch der Andere eindeutig ( diktatorisch ) entscheidet, was passiert. UND : 3 Koepfe der Agentur annulieren sich gegenseitig die Ansagen, na super.. Kamera da hin.. und da und da.. &#8211; Stop Ma ! Positionierung der Kameras ? &#8211; Nee, nee, die kommen da und da hin.. #Grunz#<\/p>\n<h3>Nix verschnaufen &#8211; 15.05.2008<\/h3>\n<p><img loading=\"lazy\" decoding=\"async\" class=\"alignleft size-full wp-image-425\" title=\"_CIMG0805\" src=\"http:\/\/www.phreekz.de\/wordpress\/wp-content\/uploads\/2008\/09\/CIMG0805.jpg\" alt=\"_CIMG0805\" width=\"107\" height=\"80\" \/>So, jetzt haben wir knapp die H\u00e4lfte hinter uns, und bis Dato keine Pause. Grunds\u00e4tzlich kein Problem, da sich unsere TLs und unser PL vorz\u00fcglich um Uns kuemmern &#8211; heisst : Nicht schuften bis Arztruf, sondern soziale Arbeitszeiten bei menschlich gesetzten Zielen. Was ist sonst so passiert, hmm.. Die Azubis arbeiten super mit und lassen sich auch was sagen, find ich gut \ud83d\ude42 Das Wetter ist nach etwa 10 Tagen umgeschlagen und momentan schwankt es zwischen Wolkenbruch ( in Spanien wird wohl nicht damit gerechnet, was hier so alles unter Wasser gesetzt wurde oh mann ) und angenehmem Sonnenschein.. Jaja, das Tief \u00fcber Spanien gibt uns in Deutschland das Hoch Marko, na wunderbar.. Ich wollte <img loading=\"lazy\" decoding=\"async\" class=\"alignright size-full wp-image-418\" title=\"_CIMG0731\" src=\"http:\/\/www.phreekz.de\/wordpress\/wp-content\/uploads\/2008\/09\/CIMG0731.jpg\" alt=\"_CIMG0731\" width=\"107\" height=\"80\" \/>doch sonnengegerbt zu meiner Frau zurueckkehren, damit sie nen schnieken Mann hat, wird wohl nix..<\/p>\n<h3>Der Stre\u00df ist fast vorbei &#8211; 21.05.2008<\/h3>\n<p>Der Aufbau ist so gut wie fertig, die Exponate ( Oh Mann, noch eine Baustelle..) sind bis Ende der \tWoche lauff\u00e4hig, der Ride ist mit Wasser gef\u00fcllt. Auf einmal ist die Sonne wieder da und ich kann noch \tein bissel Br\u00e4une tanken. Nach knapp \u00fcber 3 Wochen ein Offday f\u00fcr die Video\/Media-Crew, Danke. <img loading=\"lazy\" decoding=\"async\" class=\"alignleft size-full wp-image-421\" title=\"_CIMG0754\" src=\"http:\/\/www.phreekz.de\/wordpress\/wp-content\/uploads\/2008\/09\/CIMG0754.jpg\" alt=\"_CIMG0754\" width=\"107\" height=\"80\" \/>Lediglich \t14 Tage bleiben noch, um das Projekt abzuschlie\u00dfen, wir sind jedenfalls in Time. Chmee wie immer Klassenclown, \t Launemacher und LebenslangdrogenimBluthaber. Wie kann Jemand soviel Unsinn quatschen.. Jedenfalls stimmt \tdie Athmosph\u00e4re um Mich rum, das sollte passen, um ohne gr\u00f6\u00dfere Sch\u00e4den nach Hause zu kommen, mir fehlt  \tmeine Familie. HDMI, voll der Flop, keine Arretierung, nicht klar, was da wirklich rauskommt. Schunder. \tAch ja, in den letzten Tagen hatte ich meine pers\u00f6nliche Assistentin, Mitarbeiterin und Zuh\u00f6rerin : Julia. \tDanke und Sorry &#8211; f\u00fcr den akustischen M\u00fcll, den Du ertragen musstest. Julia &#8211; 1.Lehrjahr, freundlich, zupackend \tkernig &#8211; kurzum, voll f\u00fcr den VT-Job <img loading=\"lazy\" decoding=\"async\" class=\"alignleft size-full wp-image-459\" title=\"_P1000892\" src=\"http:\/\/www.phreekz.de\/wordpress\/wp-content\/uploads\/2008\/09\/P1000892.jpg\" alt=\"_P1000892\" width=\"107\" height=\"80\" \/>ger\u00fcstet !<\/p>\n<h3>Ich liebe unsere Baustelle &#8211; 26.05.2008<\/h3>\n<p>Hier weitere Bilder von der sch\u00f6nsten Baustelle der Welt, ach, was sag ich, jedes Planeten s\u00fcdlich der Milchstrasse. \tSowas nennt man -glaub ich- <img loading=\"lazy\" decoding=\"async\" class=\"alignright size-full wp-image-463\" title=\"_P1000897\" src=\"http:\/\/www.phreekz.de\/wordpress\/wp-content\/uploads\/2008\/09\/P1000897.jpg\" alt=\"_P1000897\" width=\"60\" height=\"80\" \/>Helsinki-Syndrom..Hab ich \u00dcbrigens erw\u00e4hnt, dass das Ende in Sicht ist ?<\/p>\n<h3>Ende und Team &#8211; 30.05.2008<\/h3>\n<p>&nbsp;<\/p>\n<h3><img loading=\"lazy\" decoding=\"async\" class=\"alignright size-full wp-image-467\" title=\"_P1000905\" src=\"http:\/\/www.phreekz.de\/wordpress\/wp-content\/uploads\/2008\/09\/P1000905.jpg\" alt=\"_P1000905\" width=\"107\" height=\"80\" \/><\/h3>\n<p>Heute war offiziell \u00dcbergabe &#8211; Abnahme durch den Kunden. Wie ? Was ? Fertig ? Ich werde jetzt wohl \tin ein tiefes Loch fallen. Depressionen und Alkoholexzesse aufgrund fehlender Ziele, wie damals nach \tdem Abi. Oh Gott, war ne schlimme Zeit. Das jetzt wieder ?<\/p>\n<p><img loading=\"lazy\" decoding=\"async\" class=\"aligncenter size-medium wp-image-471\" title=\"TeamExpo2008\" src=\"http:\/\/www.phreekz.de\/wordpress\/wp-content\/uploads\/2008\/09\/TeamExpo20081-300x179.jpg\" alt=\"TeamExpo2008\" width=\"300\" height=\"179\" srcset=\"https:\/\/www.phreekz.de\/wordpress\/wp-content\/uploads\/2008\/09\/TeamExpo20081-300x179.jpg 300w, https:\/\/www.phreekz.de\/wordpress\/wp-content\/uploads\/2008\/09\/TeamExpo20081-1023x614.jpg 1023w, https:\/\/www.phreekz.de\/wordpress\/wp-content\/uploads\/2008\/09\/TeamExpo20081.jpg 1667w\" sizes=\"auto, (max-width: 300px) 100vw, 300px\" \/><\/p>\n","protected":false},"excerpt":{"rendered":"<p>Wieder mal eine Weltausstellung, diesmal in Spanien, Saragossa. Ich habe im Auftrag von Procon mit weiteren 20 Technikern den veranstaltungstechnischen Teil aufgebaut. Schwerpunkt : Medientechnik. Kameras anschlie\u00dfen, Displays aufh\u00e4ngen, Leitungen ziehen und sonstige Arbeiten, die unserem Fortschritt zugute kommen. Im Endeffekt hat allein der Medienbereich grob 2,5km Leitung verlegt, etwa 60 Displays aufgebaut, 6 Projektoren&hellip; <a class=\"more-link\" href=\"https:\/\/www.phreekz.de\/wordpress\/2008\/09\/expo-spanien-2008\/\"><span class=\"screen-reader-text\">Expo Spanien 2008<\/span> weiterlesen<\/a><\/p>\n","protected":false},"author":1,"featured_media":0,"comment_status":"open","ping_status":"open","sticky":false,"template":"","format":"standard","meta":{"footnotes":""},"categories":[1],"tags":[156,203,158,157],"class_list":["post-391","post","type-post","status-publish","format-standard","hentry","category-allgemein","tag-expo","tag-job","tag-procon","tag-spanien","entry"],"_links":{"self":[{"href":"https:\/\/www.phreekz.de\/wordpress\/wp-json\/wp\/v2\/posts\/391","targetHints":{"allow":["GET"]}}],"collection":[{"href":"https:\/\/www.phreekz.de\/wordpress\/wp-json\/wp\/v2\/posts"}],"about":[{"href":"https:\/\/www.phreekz.de\/wordpress\/wp-json\/wp\/v2\/types\/post"}],"author":[{"embeddable":true,"href":"https:\/\/www.phreekz.de\/wordpress\/wp-json\/wp\/v2\/users\/1"}],"replies":[{"embeddable":true,"href":"https:\/\/www.phreekz.de\/wordpress\/wp-json\/wp\/v2\/comments?post=391"}],"version-history":[{"count":9,"href":"https:\/\/www.phreekz.de\/wordpress\/wp-json\/wp\/v2\/posts\/391\/revisions"}],"predecessor-version":[{"id":468,"href":"https:\/\/www.phreekz.de\/wordpress\/wp-json\/wp\/v2\/posts\/391\/revisions\/468"}],"wp:attachment":[{"href":"https:\/\/www.phreekz.de\/wordpress\/wp-json\/wp\/v2\/media?parent=391"}],"wp:term":[{"taxonomy":"category","embeddable":true,"href":"https:\/\/www.phreekz.de\/wordpress\/wp-json\/wp\/v2\/categories?post=391"},{"taxonomy":"post_tag","embeddable":true,"href":"https:\/\/www.phreekz.de\/wordpress\/wp-json\/wp\/v2\/tags?post=391"}],"curies":[{"name":"wp","href":"https:\/\/api.w.org\/{rel}","templated":true}]}}