{"id":212,"date":"2008-11-04T10:37:41","date_gmt":"2008-11-04T08:37:41","guid":{"rendered":"http:\/\/www.phreekz.de\/wordpress\/?p=212"},"modified":"2009-08-24T12:40:10","modified_gmt":"2009-08-24T10:40:10","slug":"kaufempfehlung-nov2008","status":"publish","type":"post","link":"https:\/\/www.phreekz.de\/wordpress\/2008\/11\/kaufempfehlung-nov2008\/","title":{"rendered":"Kaufempfehlung Nov 2008"},"content":{"rendered":"<p><span style=\"font-size: 150%; line-height: normal;\"><span style=\"font-weight: bold;\"><span style=\"color: #ffff00;\">CPUs<\/span><\/span><\/span><\/p>\n<p><span style=\"font-weight: bold;\">Intel<\/span><\/p>\n<div>Die Presse darf jetzt die ersten Tests des neuen i7 ver\u00f6ffentlichen und der Verkaufssart ist auf den 17. November gesetzt worden. HT-Hyperthreading ist wieder da ( wie schon im Atom ), SSE4.2, und der gro\u00dfe Wechsel ist das Einbinden des Speichercontrollers in die CPU ( AMD hat beim Wechsel auf die K8-CPUs jene Technik eingef\u00fchrt ) und der shared L3-Cache. Erste Tests im Netz bescheinigen dem Prozessor eine Beschleunigung von 8% bis \u00fcber 50% gegen\u00fcber einem aktuellen Quadcore, wobei es bei Spielen doch eher wie immer aussieht, es z\u00e4hlt rohe GHz-Kraft, und da kann sich auch noch ein E8600 vom neuen Prozessor absetzen. Nat\u00fcrlich wird es auch Zeit f\u00fcr einen Sockelwechsel auf den Mainboards, also nichts mit Einstecken und freuen. LGA1366-Sockel mit X58-Chipsatz sind Vonn\u00f6ten, Preise bei Einf\u00fchrung nicht unter 200 Euro.<\/div>\n<p>voraussichtliche Preise Stand 04.11.2008:<br \/>\nCore i7-920 &#8211; 2,66 GHz &#8211; etwa 300 Euro<br \/>\nCore i7-940 &#8211; 2,83 GHz &#8211; etwa 500 Euro<br \/>\nCore i7-965 Extreme Edition &#8211; 3,2 GHz &#8211; etwa 1000 Euro<\/p>\n<p>Links:<\/p>\n<p><!-- m --><a href=\"http:\/\/www.heise.de\/newsticker\/Intel-Core-i7-965-Extreme-Edition-rennt-an-die-x86-Leistungsspitze--\/meldung\/118293\">http:\/\/www.heise.de\/newsticker\/Intel-Co &#8230; ung\/118293<\/a><\/p>\n<p><!-- m --><\/p>\n<p><span style=\"font-size: 150%; line-height: normal;\"><span style=\"font-weight: bold;\"><span style=\"color: #ffff00;\">Monitore<\/span><\/span><\/span><\/p>\n<div>16:9 wird endlich Thema bei den PC-Wiedergabeger\u00e4ten. Also anstatt 1920&#215;1200 nun fernsehkonforme 1920&#215;1080. All zu lange mussten PC-Welten mit den TV-Aufl\u00f6sungen brechen, sei es das typische 1280&#215;1024 ( 5:4 ) oder alle Breitbildaufl\u00f6sungen ( 16:10 ). Dell, Benq, Iiyama, Samsung und auch Fujitsu-Siemens werfen gerade mit solchen Ger\u00e4ten um sich. Das Sch\u00f6ne : Full-HD f\u00fcr unter 200 Euro, da freut sich jeder Videoschnittler mit Ambitionen zum Zweitmonitor. Weiterer Vorteil : W\u00e4hrend ein Widescreen 19&#8243; (1440x900px) eine niedrigere Vertikalaufl\u00f6sung als ein Normalo-17&#8243; (1280x1024px) und auch weniger Gesamtpixel als ein Normalo-19&#8243; hat, f\u00e4llt es jetzt nicht mehr ins Auge, zumal die Ger\u00e4te momentan nur in Gr\u00f6\u00dfen jenseits der 19&#8243; angeboten werden.<\/div>\n<p><span style=\"font-weight: bold;\"><span style=\"color: #ffff80;\">Fujitsu Siemens Amilo SL3230T<\/span><\/span><\/p>\n<ul>\n<li>Aktueller Preis : knapp 200 Euro<\/li>\n<li>Anschl\u00fcsse : 2xHDMI(HDCP), 1x VGA<\/li>\n<li>Aufl\u00f6sung : 1920x1080px<\/li>\n<li>Display : 23&#8243;, TN-Technik<\/li>\n<li>Link : zB Berlin &#8211; <!-- m --><a href=\"http:\/\/www.cyberport-store.de\/item\/2647\/0\/0\/119736\/fujitsu-siemens-amilo-sl3230t-23-zoll-169-full-hd-vga2xhdmi-5-ms-100001-laut.html\">http:\/\/www.cyberport-store.de\/item\/2647 &#8230; -laut.html<\/a><!-- m --><\/li>\n<\/ul>\n<p><img decoding=\"async\" src=\"http:\/\/www.ep-netshop.de\/epproductimages\/artikel170x115\/051\/05184\/0518498.jpg\" alt=\"Bild\" \/><\/p>\n<p>Links:<\/p>\n<p><!-- m --><a href=\"http:\/\/www.heise.de\/newsticker\/16-9-Monitore-von-Dell-Iiyama-und-Samsung--\/meldung\/118289\">http:\/\/www.heise.de\/newsticker\/16-9-Mon &#8230; ung\/118289<\/a><\/p>\n<p><!-- m --><\/p>\n<p><!-- m --><a href=\"http:\/\/www.fujitsu-siemens.de\/home\/products\/displays\/sl_line\/amilo_display_sl-3230t.html\">http:\/\/www.fujitsu-siemens.de\/home\/prod &#8230; 3230t.html<\/a><\/p>\n","protected":false},"excerpt":{"rendered":"<p>CPUs Intel Die Presse darf jetzt die ersten Tests des neuen i7 ver\u00f6ffentlichen und der Verkaufssart ist auf den 17. November gesetzt worden. HT-Hyperthreading ist wieder da ( wie schon im Atom ), SSE4.2, und der gro\u00dfe Wechsel ist das Einbinden des Speichercontrollers in die CPU ( AMD hat beim Wechsel auf die K8-CPUs jene&hellip; <a class=\"more-link\" href=\"https:\/\/www.phreekz.de\/wordpress\/2008\/11\/kaufempfehlung-nov2008\/\"><span class=\"screen-reader-text\">Kaufempfehlung Nov 2008<\/span> weiterlesen<\/a><\/p>\n","protected":false},"author":1,"featured_media":0,"comment_status":"open","ping_status":"open","sticky":false,"template":"","format":"standard","meta":{"footnotes":""},"categories":[29],"tags":[65,62,83],"class_list":["post-212","post","type-post","status-publish","format-standard","hentry","category-pc-leben-und-leiden","tag-cpu","tag-intel","tag-monitor","entry"],"_links":{"self":[{"href":"https:\/\/www.phreekz.de\/wordpress\/wp-json\/wp\/v2\/posts\/212","targetHints":{"allow":["GET"]}}],"collection":[{"href":"https:\/\/www.phreekz.de\/wordpress\/wp-json\/wp\/v2\/posts"}],"about":[{"href":"https:\/\/www.phreekz.de\/wordpress\/wp-json\/wp\/v2\/types\/post"}],"author":[{"embeddable":true,"href":"https:\/\/www.phreekz.de\/wordpress\/wp-json\/wp\/v2\/users\/1"}],"replies":[{"embeddable":true,"href":"https:\/\/www.phreekz.de\/wordpress\/wp-json\/wp\/v2\/comments?post=212"}],"version-history":[{"count":3,"href":"https:\/\/www.phreekz.de\/wordpress\/wp-json\/wp\/v2\/posts\/212\/revisions"}],"predecessor-version":[{"id":369,"href":"https:\/\/www.phreekz.de\/wordpress\/wp-json\/wp\/v2\/posts\/212\/revisions\/369"}],"wp:attachment":[{"href":"https:\/\/www.phreekz.de\/wordpress\/wp-json\/wp\/v2\/media?parent=212"}],"wp:term":[{"taxonomy":"category","embeddable":true,"href":"https:\/\/www.phreekz.de\/wordpress\/wp-json\/wp\/v2\/categories?post=212"},{"taxonomy":"post_tag","embeddable":true,"href":"https:\/\/www.phreekz.de\/wordpress\/wp-json\/wp\/v2\/tags?post=212"}],"curies":[{"name":"wp","href":"https:\/\/api.w.org\/{rel}","templated":true}]}}