{"id":1561,"date":"2014-06-07T00:27:50","date_gmt":"2014-06-06T22:27:50","guid":{"rendered":"http:\/\/www.phreekz.de\/wordpress\/?p=1561"},"modified":"2014-06-07T00:32:51","modified_gmt":"2014-06-06T22:32:51","slug":"canon-irista-was-wird-das","status":"publish","type":"post","link":"https:\/\/www.phreekz.de\/wordpress\/2014\/06\/canon-irista-was-wird-das\/","title":{"rendered":"Canon Irista &#8211; was wird das?"},"content":{"rendered":"<p>Heute hat Canon seine Mediacloud offiziell vorgestellt. Ehemals Project1709, ab Heute \u00f6ffentlich Irista. Ist es ein \u00dcberflieger? Mit Sicherheit nicht. Ich hab mich nicht angemeldet, um Vor- und Nachteile abzuwiegen.. Aber.. Kann es so fresh wie 500px sein? So st\u00e4mmig wie flickr? Auch nicht. Es gibt letztlich nur einen Benefit.<\/p>\n<p><a href=\"http:\/\/www.phreekz.de\/wordpress\/wp-content\/uploads\/2014\/06\/Canon_Irista.jpg\"><img loading=\"lazy\" decoding=\"async\" src=\"http:\/\/www.phreekz.de\/wordpress\/wp-content\/uploads\/2014\/06\/Canon_Irista.jpg\" alt=\"Canon_Irista\" width=\"600\" height=\"360\" class=\"aligncenter size-full wp-image-1562\" srcset=\"https:\/\/www.phreekz.de\/wordpress\/wp-content\/uploads\/2014\/06\/Canon_Irista.jpg 600w, https:\/\/www.phreekz.de\/wordpress\/wp-content\/uploads\/2014\/06\/Canon_Irista-300x180.jpg 300w\" sizes=\"auto, (max-width: 600px) 100vw, 600px\" \/><\/a><\/p>\n<h3>Welcher Benefit?<\/h3>\n<p>Es wird einfach. Canon kann in alle Ger\u00e4te einen &#8222;speichern auf Irista&#8220;-Knopf einprogrammieren. Fertig. Von unterwegs, aus der Kamera direkt ins Netz. Ob Kompakte oder DSLR. Ohne Umwege. Sp\u00e4ter d\u00fcrften dann wohl auch Drucker hinzukommen (direkt aus Irista aufs Papier), vielleicht auch Scanner und Videokameras. Ohne also einen Rechner zu starten, aus der Kamera auf ein Plakat, egal, ob der Fotograf in Paris funkeblitzt und der Partner\/Kunde in Rio beim Ausdruck sinnieren will. Eine eigene Infrastruktur, jenseits von Google, Adobe, Apple oder Microsoft. Sinnvoll auch kombiniert mit einem Druckerzeugnisse-Dienstleister. Vom Buch \u00fcber das Plakat bis zur Tasse.<\/p>\n<h3>Ist das ein Benefit?<\/h3>\n<p>Nun, in gewisser Weise schon. Wie ich sagte, es wird einfach. Will man es? Keine Nachbearbeitung, Ablage der Daten in der Cloud, Abh\u00e4ngigkeit von einem &#8222;fremden&#8220; Anbieter.. Jedenfalls ist das die Vorbereitung (meiner Ansicht) auf neue Firmwares und Produkte, die nicht mehr ohne WIFI und Irista-Knopf erscheinen werden.. Schwupps, ist der Laden voll. Werd ich es tun? Hmm. Eher nicht.. Oder eher, solange mir Canon die Wahl l\u00e4sst. W\u00e4re schmerzhaft, wenn die Speicherkarten verschwinden t\u00e4ten, weil alles in die Cloud ginge.. Ach ja, nicht zu vergessen, Ger\u00e4te-Seriennummer und Nutzer w\u00fcrden verbunden, anhand dieser Verbindung kann man das n\u00e4chste Mal schon absch\u00e4tzen, ob sich der Kauf des DSLR-Bodies mit der Serial &#8222;xyz&#8220; lohnt.. <\/p>\n<p>mfg chmee<\/p>\n","protected":false},"excerpt":{"rendered":"<p>Heute hat Canon seine Mediacloud offiziell vorgestellt. Ehemals Project1709, ab Heute \u00f6ffentlich Irista. Ist es ein \u00dcberflieger? Mit Sicherheit nicht. Ich hab mich nicht angemeldet, um Vor- und Nachteile abzuwiegen.. Aber.. Kann es so fresh wie 500px sein? So st\u00e4mmig wie flickr? Auch nicht. Es gibt letztlich nur einen Benefit. Welcher Benefit? Es wird einfach.&hellip; <a class=\"more-link\" href=\"https:\/\/www.phreekz.de\/wordpress\/2014\/06\/canon-irista-was-wird-das\/\"><span class=\"screen-reader-text\">Canon Irista &#8211; was wird das?<\/span> weiterlesen<\/a><\/p>\n","protected":false},"author":1,"featured_media":0,"comment_status":"open","ping_status":"open","sticky":false,"template":"","format":"standard","meta":{"footnotes":""},"categories":[137],"tags":[],"class_list":["post-1561","post","type-post","status-publish","format-standard","hentry","category-foto-ebb","entry"],"_links":{"self":[{"href":"https:\/\/www.phreekz.de\/wordpress\/wp-json\/wp\/v2\/posts\/1561","targetHints":{"allow":["GET"]}}],"collection":[{"href":"https:\/\/www.phreekz.de\/wordpress\/wp-json\/wp\/v2\/posts"}],"about":[{"href":"https:\/\/www.phreekz.de\/wordpress\/wp-json\/wp\/v2\/types\/post"}],"author":[{"embeddable":true,"href":"https:\/\/www.phreekz.de\/wordpress\/wp-json\/wp\/v2\/users\/1"}],"replies":[{"embeddable":true,"href":"https:\/\/www.phreekz.de\/wordpress\/wp-json\/wp\/v2\/comments?post=1561"}],"version-history":[{"count":3,"href":"https:\/\/www.phreekz.de\/wordpress\/wp-json\/wp\/v2\/posts\/1561\/revisions"}],"predecessor-version":[{"id":1565,"href":"https:\/\/www.phreekz.de\/wordpress\/wp-json\/wp\/v2\/posts\/1561\/revisions\/1565"}],"wp:attachment":[{"href":"https:\/\/www.phreekz.de\/wordpress\/wp-json\/wp\/v2\/media?parent=1561"}],"wp:term":[{"taxonomy":"category","embeddable":true,"href":"https:\/\/www.phreekz.de\/wordpress\/wp-json\/wp\/v2\/categories?post=1561"},{"taxonomy":"post_tag","embeddable":true,"href":"https:\/\/www.phreekz.de\/wordpress\/wp-json\/wp\/v2\/tags?post=1561"}],"curies":[{"name":"wp","href":"https:\/\/api.w.org\/{rel}","templated":true}]}}