{"id":988,"date":"2012-09-06T00:46:23","date_gmt":"2012-09-05T22:46:23","guid":{"rendered":"http:\/\/www.phreekz.de\/wordpress\/?p=988"},"modified":"2012-10-10T12:20:31","modified_gmt":"2012-10-10T10:20:31","slug":"warschau-em2012-fotostrecke","status":"publish","type":"post","link":"http:\/\/www.phreekz.de\/wordpress\/2012\/09\/warschau-em2012-fotostrecke\/","title":{"rendered":"Warschau EM2012 &#8211; Fotostrecke"},"content":{"rendered":"<p>20 Tage Warschau. Eine Stadt, die ich, obwohl ich dem Blute nach polnisch bin, nur etwa 1,75 mal im Leben gesehen habe. In der polnischen Kultur findet man viele interessante Aspekte, die diesen Nachbarn teuflisch interessant machen. Sie k\u00f6nnen feiern, und das richtig. Ihre anfangs versch\u00e4mte, dann aber \u00fcberbordende Gastfreundschaft l\u00e4sst nichts anderes zu als mit einzustimmen, zu trinken und mit ihnen deftig abzust\u00fcrzen.<br \/>\n<a href=\"http:\/\/www.phreekz.de\/wordpress\/wp-content\/uploads\/2012\/09\/12.06_Warschau-9667.jpg\"><img loading=\"lazy\" decoding=\"async\" src=\"http:\/\/www.phreekz.de\/wordpress\/wp-content\/uploads\/2012\/09\/12.06_Warschau-9667.jpg\" alt=\"\" title=\"12.06_Warschau-9667\" width=\"620\" height=\"310\" class=\"aligncenter size-full wp-image-1006\" srcset=\"http:\/\/www.phreekz.de\/wordpress\/wp-content\/uploads\/2012\/09\/12.06_Warschau-9667.jpg 620w, http:\/\/www.phreekz.de\/wordpress\/wp-content\/uploads\/2012\/09\/12.06_Warschau-9667-300x150.jpg 300w\" sizes=\"auto, (max-width: 620px) 100vw, 620px\" \/><\/a><br \/>\nAm Besten macht man das am Samstagabend, nicht weil es da richtig zur Sache geht, sondern wegen des mehr als am\u00fcsanten sonntagmorgendlichen Kirchenbesuchs. Hochzeiten verlaufen in der Regel so, dass die Spannungskurve grad bei den Polen ein st\u00e4ndiges Auf und Ab zu bieten hat &#8211; dagegen ist eine Filmwendung wie bei &#8222;Die \u00fcblichen Verd\u00e4chtigen&#8220; Sandm\u00e4nnchen. Es wird getanzt, gelacht, die Gl\u00e4ser geleert, gep\u00f6belt, M\u00e4nner werden zu Hurenb\u00f6cken gemacht, der Fremdgeher \u00f6ffentlich zur Schau gestellt, andere M\u00e4nner reihen sich ein um Sch\u00fctzenhilfe zu bieten, dann kommt der Streit zwischen den Schwiegereltern und der Absonderlichkeit des neuen Familienanhangs.<br \/>\n<a href=\"http:\/\/www.phreekz.de\/wordpress\/wp-content\/uploads\/2012\/09\/12.06_Warschau-9940.jpg\"><img loading=\"lazy\" decoding=\"async\" src=\"http:\/\/www.phreekz.de\/wordpress\/wp-content\/uploads\/2012\/09\/12.06_Warschau-9940.jpg\" alt=\"\" title=\"12.06_Warschau-9940\" width=\"540\" height=\"620\" class=\"aligncenter size-full wp-image-1019\" srcset=\"http:\/\/www.phreekz.de\/wordpress\/wp-content\/uploads\/2012\/09\/12.06_Warschau-9940.jpg 540w, http:\/\/www.phreekz.de\/wordpress\/wp-content\/uploads\/2012\/09\/12.06_Warschau-9940-261x300.jpg 261w\" sizes=\"auto, (max-width: 540px) 100vw, 540px\" \/><\/a><\/p>\n<p><a href=\"http:\/\/www.phreekz.de\/wordpress\/wp-content\/uploads\/2012\/09\/12.06_Warschau-9954.jpg\"><img loading=\"lazy\" decoding=\"async\" src=\"http:\/\/www.phreekz.de\/wordpress\/wp-content\/uploads\/2012\/09\/12.06_Warschau-9954.jpg\" alt=\"\" title=\"12.06_Warschau-9954\" width=\"300\" height=\"450\" class=\"alignleft size-full wp-image-1022\" srcset=\"http:\/\/www.phreekz.de\/wordpress\/wp-content\/uploads\/2012\/09\/12.06_Warschau-9954.jpg 300w, http:\/\/www.phreekz.de\/wordpress\/wp-content\/uploads\/2012\/09\/12.06_Warschau-9954-200x300.jpg 200w\" sizes=\"auto, (max-width: 300px) 100vw, 300px\" \/><\/a><br \/>\nAm Ende singen sie wieder gemeinsam zu den T\u00f6nen aus Onkels Staszeks Akkordeon und Reste des 42%igen Wodkas werden in Wohlwollen aufgeteilt. Diese Truppe an Gesundgetrunkenen steht dann am Morgen um 9:30Uhr in der Kirche und halten das Buch der Psalme, aus dem inbr\u00fcnstig intoniert wird. Alles vergessen, sp\u00e4testens nach der Beichte, es geht eh gleich wieder in die zweite Runde der Hochzeitsfestivit\u00e4ten.<br \/>\n<a href=\"http:\/\/www.phreekz.de\/wordpress\/wp-content\/uploads\/2012\/09\/12.06_Warschau-9964.jpg\"><img loading=\"lazy\" decoding=\"async\" src=\"http:\/\/www.phreekz.de\/wordpress\/wp-content\/uploads\/2012\/09\/12.06_Warschau-9964.jpg\" alt=\"\" title=\"12.06_Warschau-9964\" width=\"620\" height=\"620\" class=\"aligncenter size-full wp-image-1023\" srcset=\"http:\/\/www.phreekz.de\/wordpress\/wp-content\/uploads\/2012\/09\/12.06_Warschau-9964.jpg 620w, http:\/\/www.phreekz.de\/wordpress\/wp-content\/uploads\/2012\/09\/12.06_Warschau-9964-150x150.jpg 150w, http:\/\/www.phreekz.de\/wordpress\/wp-content\/uploads\/2012\/09\/12.06_Warschau-9964-300x300.jpg 300w\" sizes=\"auto, (max-width: 620px) 100vw, 620px\" \/><\/a><br \/>\nNun denn, Warschau. Alt und Neu. Kirche und Kapitalismus. Leib und Blut Christi. Brot und Wodka.<br \/>\n<a href=\"http:\/\/www.phreekz.de\/wordpress\/wp-content\/uploads\/2012\/09\/12.06_Warschau-9945.jpg\"><img loading=\"lazy\" decoding=\"async\" src=\"http:\/\/www.phreekz.de\/wordpress\/wp-content\/uploads\/2012\/09\/12.06_Warschau-9945.jpg\" alt=\"\" title=\"12.06_Warschau-9945\" width=\"620\" height=\"413\" class=\"aligncenter size-full wp-image-1021\" srcset=\"http:\/\/www.phreekz.de\/wordpress\/wp-content\/uploads\/2012\/09\/12.06_Warschau-9945.jpg 620w, http:\/\/www.phreekz.de\/wordpress\/wp-content\/uploads\/2012\/09\/12.06_Warschau-9945-300x199.jpg 300w\" sizes=\"auto, (max-width: 620px) 100vw, 620px\" \/><\/a><br \/>\nPolen hat deutlich aufgeholt zu den westeurop\u00e4ischen Staaten &#8211; und Tschechien als Vorzeigeland hinter sich gelassen. Papst Johannes Paul II ist der heimliche Herrscher der Kirchen, da kann auch ein Ratzinger nix entgegenbringen.<br \/>\n<a href=\"http:\/\/www.phreekz.de\/wordpress\/wp-content\/uploads\/2012\/09\/12.06_Warschau-9937.jpg\"><img loading=\"lazy\" decoding=\"async\" src=\"http:\/\/www.phreekz.de\/wordpress\/wp-content\/uploads\/2012\/09\/12.06_Warschau-9937.jpg\" alt=\"\" title=\"12.06_Warschau-9937\" width=\"620\" height=\"620\" class=\"aligncenter size-full wp-image-1017\" srcset=\"http:\/\/www.phreekz.de\/wordpress\/wp-content\/uploads\/2012\/09\/12.06_Warschau-9937.jpg 620w, http:\/\/www.phreekz.de\/wordpress\/wp-content\/uploads\/2012\/09\/12.06_Warschau-9937-150x150.jpg 150w, http:\/\/www.phreekz.de\/wordpress\/wp-content\/uploads\/2012\/09\/12.06_Warschau-9937-300x300.jpg 300w\" sizes=\"auto, (max-width: 620px) 100vw, 620px\" \/><\/a><br \/>\nArchitektonisch k\u00f6nnen die Gegens\u00e4tze wunderbar miteinander harmonieren &#8211; das alte Warschau, Hinterh\u00f6fe mit klassischen Fassaden, Altbau im Kontrast zu den Bauten des neuen Jahrtausends.<br \/>\n<a href=\"http:\/\/www.phreekz.de\/wordpress\/wp-content\/uploads\/2012\/09\/12.06_Warschau-0029.jpg\"><img loading=\"lazy\" decoding=\"async\" src=\"http:\/\/www.phreekz.de\/wordpress\/wp-content\/uploads\/2012\/09\/12.06_Warschau-0029.jpg\" alt=\"\" title=\"12.06_Warschau-0029\" width=\"620\" height=\"620\" class=\"aligncenter size-full wp-image-1005\" srcset=\"http:\/\/www.phreekz.de\/wordpress\/wp-content\/uploads\/2012\/09\/12.06_Warschau-0029.jpg 620w, http:\/\/www.phreekz.de\/wordpress\/wp-content\/uploads\/2012\/09\/12.06_Warschau-0029-150x150.jpg 150w, http:\/\/www.phreekz.de\/wordpress\/wp-content\/uploads\/2012\/09\/12.06_Warschau-0029-300x300.jpg 300w\" sizes=\"auto, (max-width: 620px) 100vw, 620px\" \/><\/a><\/p>\n<p><a href=\"http:\/\/www.phreekz.de\/wordpress\/wp-content\/uploads\/2012\/09\/12.06_Warschau-9931.jpg\"><img loading=\"lazy\" decoding=\"async\" src=\"http:\/\/www.phreekz.de\/wordpress\/wp-content\/uploads\/2012\/09\/12.06_Warschau-9931.jpg\" alt=\"\" title=\"12.06_Warschau-9931\" width=\"620\" height=\"413\" class=\"aligncenter size-full wp-image-1015\" srcset=\"http:\/\/www.phreekz.de\/wordpress\/wp-content\/uploads\/2012\/09\/12.06_Warschau-9931.jpg 620w, http:\/\/www.phreekz.de\/wordpress\/wp-content\/uploads\/2012\/09\/12.06_Warschau-9931-300x199.jpg 300w\" sizes=\"auto, (max-width: 620px) 100vw, 620px\" \/><\/a><\/p>\n<p><a href=\"http:\/\/www.phreekz.de\/wordpress\/wp-content\/uploads\/2012\/09\/12.06_Warschau-9895.jpg\"><img loading=\"lazy\" decoding=\"async\" src=\"http:\/\/www.phreekz.de\/wordpress\/wp-content\/uploads\/2012\/09\/12.06_Warschau-9895.jpg\" alt=\"\" title=\"12.06_Warschau-9895\" width=\"300\" height=\"450\" class=\"alignleft size-full wp-image-1011\" srcset=\"http:\/\/www.phreekz.de\/wordpress\/wp-content\/uploads\/2012\/09\/12.06_Warschau-9895.jpg 300w, http:\/\/www.phreekz.de\/wordpress\/wp-content\/uploads\/2012\/09\/12.06_Warschau-9895-200x300.jpg 200w\" sizes=\"auto, (max-width: 300px) 100vw, 300px\" \/><\/a><\/p>\n<p>Fussballerisch spielt Polen seit der WM 1982 und dem dritten Platz keine Rolle mehr.. Aber zum Gl\u00fcck k\u00f6nnen sie feiern und Feiern ausrichten. Und so war es dann auch, die Stra\u00dfen waren t\u00e4glich voll, die Laune war ph\u00e4nomenal. Die Stadt genoss ihre Ausrichterrolle &#8211; Warschau hat wirklich sch\u00f6ne Ecken. Hinsichtlich der EM wurde viel Geld in Instandsetzung und Neubau gesteckt &#8211; \u00fcbrigens auch aus EU-T\u00f6pfen..<br \/>\n<a href=\"http:\/\/www.phreekz.de\/wordpress\/wp-content\/uploads\/2012\/09\/em2012_Stadion_Warschau_kk.jpg\"><img loading=\"lazy\" decoding=\"async\" src=\"http:\/\/www.phreekz.de\/wordpress\/wp-content\/uploads\/2012\/09\/em2012_Stadion_Warschau_kk.jpg\" alt=\"\" title=\"em2012_Stadion_Warschau_kk\" width=\"620\" height=\"327\" class=\"aligncenter size-full wp-image-1032\" srcset=\"http:\/\/www.phreekz.de\/wordpress\/wp-content\/uploads\/2012\/09\/em2012_Stadion_Warschau_kk.jpg 620w, http:\/\/www.phreekz.de\/wordpress\/wp-content\/uploads\/2012\/09\/em2012_Stadion_Warschau_kk-300x158.jpg 300w\" sizes=\"auto, (max-width: 620px) 100vw, 620px\" \/><\/a><br \/>\nSchickes Stadion haben sie da gebaut.<br \/>\n<a href=\"http:\/\/www.phreekz.de\/wordpress\/wp-content\/uploads\/2012\/09\/em2012_gerita_kk.jpg\"><img loading=\"lazy\" decoding=\"async\" src=\"http:\/\/www.phreekz.de\/wordpress\/wp-content\/uploads\/2012\/09\/em2012_gerita_kk.jpg\" alt=\"\" title=\"em2012_gerita_kk\" width=\"620\" height=\"312\" class=\"aligncenter size-full wp-image-1031\" srcset=\"http:\/\/www.phreekz.de\/wordpress\/wp-content\/uploads\/2012\/09\/em2012_gerita_kk.jpg 620w, http:\/\/www.phreekz.de\/wordpress\/wp-content\/uploads\/2012\/09\/em2012_gerita_kk-300x150.jpg 300w\" sizes=\"auto, (max-width: 620px) 100vw, 620px\" \/><\/a><br \/>\nAuch Abends gef\u00fcllt sch\u00f6n anzusehen.<br \/>\n<a href=\"http:\/\/www.phreekz.de\/wordpress\/wp-content\/uploads\/2012\/09\/12.06_Warschau-0016.jpg\"><img loading=\"lazy\" decoding=\"async\" src=\"http:\/\/www.phreekz.de\/wordpress\/wp-content\/uploads\/2012\/09\/12.06_Warschau-0016.jpg\" alt=\"\" title=\"12.06_Warschau-0016\" width=\"620\" height=\"310\" class=\"aligncenter size-full wp-image-1002\" srcset=\"http:\/\/www.phreekz.de\/wordpress\/wp-content\/uploads\/2012\/09\/12.06_Warschau-0016.jpg 620w, http:\/\/www.phreekz.de\/wordpress\/wp-content\/uploads\/2012\/09\/12.06_Warschau-0016-300x150.jpg 300w\" sizes=\"auto, (max-width: 620px) 100vw, 620px\" \/><\/a><br \/>\nDer Neuer einsam aufm Feld, er allein hat in den letzten 2 Minuten dieses Spiel zu einem sehenswerten gemacht.<br \/>\n<a href=\"http:\/\/www.phreekz.de\/wordpress\/wp-content\/uploads\/2012\/09\/12.06_Warschau-0023.jpg\"><img loading=\"lazy\" decoding=\"async\" src=\"http:\/\/www.phreekz.de\/wordpress\/wp-content\/uploads\/2012\/09\/12.06_Warschau-0023.jpg\" alt=\"\" title=\"12.06_Warschau-0023\" width=\"620\" height=\"413\" class=\"aligncenter size-full wp-image-1003\" srcset=\"http:\/\/www.phreekz.de\/wordpress\/wp-content\/uploads\/2012\/09\/12.06_Warschau-0023.jpg 620w, http:\/\/www.phreekz.de\/wordpress\/wp-content\/uploads\/2012\/09\/12.06_Warschau-0023-300x199.jpg 300w\" sizes=\"auto, (max-width: 620px) 100vw, 620px\" \/><\/a><br \/>\nAber Hey, ein bisschen feiern, ja, das kann man, trotz des verlorenen Halbfinales.<br \/>\n<a href=\"http:\/\/www.phreekz.de\/wordpress\/wp-content\/uploads\/2012\/09\/12.06_Warschau-0027.jpg\"><img loading=\"lazy\" decoding=\"async\" src=\"http:\/\/www.phreekz.de\/wordpress\/wp-content\/uploads\/2012\/09\/12.06_Warschau-0027.jpg\" alt=\"\" title=\"12.06_Warschau-0027\" width=\"620\" height=\"349\" class=\"aligncenter size-full wp-image-1004\" srcset=\"http:\/\/www.phreekz.de\/wordpress\/wp-content\/uploads\/2012\/09\/12.06_Warschau-0027.jpg 620w, http:\/\/www.phreekz.de\/wordpress\/wp-content\/uploads\/2012\/09\/12.06_Warschau-0027-300x168.jpg 300w\" sizes=\"auto, (max-width: 620px) 100vw, 620px\" \/><\/a><\/p>\n<p>Quellen:<br \/>\nhttp:\/\/www.faz.net\/aktuell\/wirtschaft\/konjunktur\/konjunktur-in-europa-polen-als-insel-im-osten-11555677.html<br \/>\nhttp:\/\/de.wikipedia.org\/wiki\/Warschau<\/p>\n","protected":false},"excerpt":{"rendered":"<p>20 Tage Warschau. Eine Stadt, die ich, obwohl ich dem Blute nach polnisch bin, nur etwa 1,75 mal im Leben gesehen habe. In der polnischen Kultur findet man viele interessante Aspekte, die diesen Nachbarn teuflisch interessant machen. Sie k\u00f6nnen feiern, und das richtig. Ihre anfangs versch\u00e4mte, dann aber \u00fcberbordende Gastfreundschaft l\u00e4sst nichts anderes zu als&hellip; <a class=\"more-link\" href=\"http:\/\/www.phreekz.de\/wordpress\/2012\/09\/warschau-em2012-fotostrecke\/\"><span class=\"screen-reader-text\">Warschau EM2012 &#8211; Fotostrecke<\/span> weiterlesen<\/a><\/p>\n","protected":false},"author":1,"featured_media":1023,"comment_status":"open","ping_status":"open","sticky":false,"template":"","format":"standard","meta":{"footnotes":""},"categories":[1,137],"tags":[12,235,236],"class_list":["post-988","post","type-post","status-publish","format-standard","has-post-thumbnail","hentry","category-allgemein","category-foto-ebb","tag-fotografie","tag-polen","tag-warschau","entry"],"_links":{"self":[{"href":"http:\/\/www.phreekz.de\/wordpress\/wp-json\/wp\/v2\/posts\/988","targetHints":{"allow":["GET"]}}],"collection":[{"href":"http:\/\/www.phreekz.de\/wordpress\/wp-json\/wp\/v2\/posts"}],"about":[{"href":"http:\/\/www.phreekz.de\/wordpress\/wp-json\/wp\/v2\/types\/post"}],"author":[{"embeddable":true,"href":"http:\/\/www.phreekz.de\/wordpress\/wp-json\/wp\/v2\/users\/1"}],"replies":[{"embeddable":true,"href":"http:\/\/www.phreekz.de\/wordpress\/wp-json\/wp\/v2\/comments?post=988"}],"version-history":[{"count":24,"href":"http:\/\/www.phreekz.de\/wordpress\/wp-json\/wp\/v2\/posts\/988\/revisions"}],"predecessor-version":[{"id":1106,"href":"http:\/\/www.phreekz.de\/wordpress\/wp-json\/wp\/v2\/posts\/988\/revisions\/1106"}],"wp:featuredmedia":[{"embeddable":true,"href":"http:\/\/www.phreekz.de\/wordpress\/wp-json\/wp\/v2\/media\/1023"}],"wp:attachment":[{"href":"http:\/\/www.phreekz.de\/wordpress\/wp-json\/wp\/v2\/media?parent=988"}],"wp:term":[{"taxonomy":"category","embeddable":true,"href":"http:\/\/www.phreekz.de\/wordpress\/wp-json\/wp\/v2\/categories?post=988"},{"taxonomy":"post_tag","embeddable":true,"href":"http:\/\/www.phreekz.de\/wordpress\/wp-json\/wp\/v2\/tags?post=988"}],"curies":[{"name":"wp","href":"https:\/\/api.w.org\/{rel}","templated":true}]}}