{"id":949,"date":"2012-05-06T14:36:58","date_gmt":"2012-05-06T12:36:58","guid":{"rendered":"http:\/\/www.phreekz.de\/wordpress\/?p=949"},"modified":"2012-10-10T12:24:28","modified_gmt":"2012-10-10T10:24:28","slug":"babys-und-blitze","status":"publish","type":"post","link":"http:\/\/www.phreekz.de\/wordpress\/2012\/05\/babys-und-blitze\/","title":{"rendered":"Babys und Blitze"},"content":{"rendered":"<p>Babys d\u00fcrfen nicht geblitzt werden. Das habe ich in den letzten Tagen doch wieder \u00f6fter gelesen &#8211; und musste mir auch anh\u00f6ren, ich sei kindfremd, m\u00f6glicherweise ein Sadist. Den Worten einer Hebamme wird (logischerweise) eher vertraut, da sie eine Neugeborenen-Erfahrene ist. In wohl allen Belangen des Geb\u00e4hrens und der Neugeborenenpflege ist Ihr Wissen goldrichtig. Nur, was wei\u00df sie \u00fcber das Blitzen und woher kommt diese Angst, ein Fotoblitz k\u00f6nnte dem Baby wehtun? Ich bin auch kein Arzt Fachrichtung Optik und Auge, aber ich fragte mich gerade, ob es eine M\u00e4r ist, die sich festgebohrt hat &#8211; \u00e4hnlich der angeblichen Plastizit\u00e4t von Kleinbildfotos.<\/p>\n<h4>Grunds\u00e4tzliches<\/h4>\n<p>Ein Blitz hat einen extrem h\u00f6heren Energiegehalt als normale Lichtgeber wie Gl\u00fchbirne oder Scheinwerfer. Von einem 430EX, einem typischen kleineren Aufsteckblitz, wird in einem &#8222;Augenblick&#8220; von etwa 1\/1000s eine Energie von etwa ~50 Watt\/Sekunde(Ws) bzw. Joule umgesetzt. Das entspricht der Energie einer 50W-Gl\u00fchbirne, die etwa 1 Sekunden strahlt, oder einer 500W Gl\u00fchbirne in einer Zehntel-Sekunde oder &#8211; Achtung &#8211; eines 5.000W Scheinwerfers in 1\/100 Sekunde. Im Veranstaltungsbereich werden gerne Atomic 3000 verbaut, Blitze mit einer Nennleistung von 1500W@100V, der Lichtoutput m\u00fcsste um die 12.000 Joule pro Blitz betragen &#8211; und derer ist die hintere Wand bei TV-\/Rockshows \u00fcbers\u00e4t (siehe gesch\u00e4tzte 60 St\u00fcck beim <a href=\"http:\/\/www.youtube.com\/watch?v=P9UOHg8tLUE\">Echo 2012 MarylinManson\/Rammstein<\/a>). Nur: Die Art, Menge und Entfernung spielen eine erhebliche Rolle, wenn es um sch\u00e4dliche Auswirkungen von Licht\/Blitz geht, zB ist Schwei\u00dfen mit Lichtbogen so eine gef\u00e4hrliche Sache..<\/p>\n<h4>physische\/biologische Umst\u00e4nde<\/h4>\n<p><a href=\"http:\/\/www.phreekz.de\/wordpress\/wp-content\/uploads\/2012\/05\/10-09-0582_theoI.jpg\"><img loading=\"lazy\" decoding=\"async\" src=\"http:\/\/www.phreekz.de\/wordpress\/wp-content\/uploads\/2012\/05\/10-09-0582_theoI.jpg\" alt=\"\" title=\"10-09-0582_theoI\" width=\"266\" height=\"225\" class=\"alignleft size-full wp-image-955\" \/><\/a>Das menschliche Auge ist im Grunde genommen bei der Geburt voll ausgebildet, ich habe keinen fundierten Artikel gefunden, wo geschrieben wird, dass im Auge des Neugeborenen aufgrund der einsetzenden T\u00e4tigkeit des Sehens noch etwas dazuw\u00e4chst oder &#8222;abstumpft&#8220;. Das Auge ist erstmal weitsichtig, es wird wohl mit dem Augeninnendruck zu tun haben, welcher sich an die neuen Verh\u00e4ltnisse anpassen muss, sprich, Scharfstellen(Akkomodation) kommt mit der Zeit. Die Pupille\/Iris als Solche ist voll funktionsf\u00e4hig, sie \u00fcbernimmt die Adaption, das Anpassen des Lichteinfalls. Ganz wichtig: Die Adaption l\u00e4uft unbewusst ab(!), der K\u00f6rper selbst bestimmt aufgrund der auftretenden Lichtmenge die Gr\u00f6\u00dfe der Pupille und wird nicht erlernt, ist also bei Erwachsenen und Babies gleich. \u00c4rzte sagen, dass man dem Neugeborenen einige Stunden zum Gew\u00f6hnen an die neuen Lichtverh\u00e4ltnisse geben sollte. Kein Wunder, es kommt aus dem st\u00e4ndigen Dunkel &#8211; das unterscheidet sich in keinster Weise von einem Erwachsenen, der tagelang in Finsternis lebte und dann ans Tageslicht kam (Extrembeispiel Arbeiter im Untertagebau). <\/p>\n<p>Die Anpassung der Pupille l\u00e4uft in Relation zum Blitz extrem viel langsamer ab, ein Blitz wird seine Energie l\u00e4ngst abgegeben haben, wenn das Auge anf\u00e4ngt zu reagieren. Das gilt f\u00fcr Neugeborene gleicherma\u00dfen wie f\u00fcr Erwachsene. Somit ist in dieser Hinsicht kein Unterschied zwischen Jung und Alt festzumachen.<\/p>\n<h4>bewusste Reaktionen<\/h4>\n<p>Reaktionsverhalten dient der Abwehr\/Abmilderung von Problemen und Sch\u00e4den. Dies sind erlernte Aktionen, die ein Baby nicht hat. Hier mu\u00df man ganz richtig sagen, dass das Blitzen von Babies eine ungewohnte Aktion ist, auf die das Kind nicht reagieren kann, schlicht, weil es diese Aktion nicht kennt. Zudem mu\u00df man dem Kind das Interesse zugestehen, dass es hinschauen wird, was da in die H\u00f6he gehalten wird und blitzt Nur: Inwieweit hat das mit der Fotografie oder irgendwelchen Sch\u00e4den zu tun? Dreht sich eine Person vom Blitz weg oder schliesst die Augen, ist das Foto eh f\u00fcr die Tonne, das ist bei Erwachsenen nicht anders. Wenn sich eine Person auf das Geblitztwerden einstellt, so hat das keine Auswirkung auf die Adaption des Auges, sondern nur auf die innere Biologie, zB auf die Menge der Adrenalinaussch\u00fcttung und sonstiger Stresshormone, als Vorsicht\/Achtung-Signal f\u00fcr den K\u00f6rper. Man m\u00fcsste nun also folgern, dass es bei Babies zu h\u00f6herem Stre\u00dfhormonaussto\u00df kommt. Ist das nun gef\u00e4hrlich? Bedrohlich? Sch\u00e4dlich? Ein frisch Geborenes hat einen h\u00f6heren Noradrenalingehalt als ein Erwachsener beim Herzanfall.. Interesant, oder?<\/p>\n<h4>Die Psychologie dahinter<\/h4>\n<p><a href=\"http:\/\/www.phreekz.de\/wordpress\/wp-content\/uploads\/2012\/05\/10-09-0518_theoIII.jpg\"><img loading=\"lazy\" decoding=\"async\" src=\"http:\/\/www.phreekz.de\/wordpress\/wp-content\/uploads\/2012\/05\/10-09-0518_theoIII.jpg\" alt=\"\" title=\"10-09-0518_theoIII\" width=\"200\" height=\"300\" class=\"alignleft size-full wp-image-973\" \/><\/a>Solange ein Kind sich nicht selbst verteidigen kann, nehmen die Eltern die Schutzrolle ein. Absolut menschliche Eigenschaft. Nur: In diesem Fall entscheidet der Erwachsene dar\u00fcber, was bedrohlich ist und wie gesch\u00fctzt werden soll. Das bedingt Wissen und Erfahrung. Und hier liegt wohl der (zweit)gr\u00f6\u00dfte Denkfehler beim Babies-Blitzen begraben. Der Erwachsene hat geh\u00f6rt (oder erfahren?!), dass Babys blitzen sch\u00e4dlich ist und m\u00f6chte sein Kleines nicht diesem Stre\u00df aussetzen, also wird er diesen Moment vermeiden wollen. Just dann darf sich der Erwachsene fragen, woher er diese Erfahrung nimmt.. Totgeblitzt worden ist noch Niemand, geblitzdingst wurden die Menschen auch nur in &#8222;Men-In-Black&#8220;. Sind es Ansichten und metagesellschaftliche Erfahrungen aus den gro\u00dfen Katastrophen? Ein Blitz ist ein Vorbote des Schrecklichen.. Ein Gewitterblitz kann Sch\u00e4den hervorrufen, der Blitz einer Atombombe ist durch Dokumentationen bekannt, eine Explosion bedingt auch einen Lichtimpuls. Rhythmische Lichtimpulse k\u00f6nnen Epilepsien hervorrufen, das Gehirn schaltet sich ob der Informations\u00fcberlast einfach mal aus.<\/p>\n<p>Bei aller Liebe und F\u00fcrsorglichkeit zum eigenen Kind und zum Erfolg eines Bildes mit Blitz sollten die Eltern mal in Ruhe durchdenken, was da gerade wer wie entscheidet.. Interessant ist, dass (A) dieses Wissen \u00fcber &#8222;Was-ist-gut\/schlecht-f\u00fcr-mein-Kind&#8220; nach Geschlecht unterschiedlich ausf\u00e4llt und (B) in vielen K\u00f6pfen der Sympathiefaktor entscheidet, ob geblitzt werden darf. Ein geblitztes Kompaktknippsenbild mit der besten Freundin ist ein &#8222;na-klar&#8220;, ein Handybild von den (verhassten) Schwiegereltern ein &#8222;no-go&#8220;. Ach ja, die Psyche und sein Kind..<\/p>\n<h4>Das Foto an sich<\/h4>\n<p>Kurz vor dem Ende kommen wir zum gr\u00f6\u00dften Fehler in der Denke des besorgten Elternteils. Soll ein geblitztes Foto aussehen? Dann wird der erfahrene Fotograf nicht frontal aus k\u00fcrzester N\u00e4he den vollaufgeladenen Blitz nutzen. Das passiert n\u00e4mlich den schnell-mal-Knippsern oder Blitzunerfahrenen. Der wissende Fotograf wird den direkten Blick des Kindes in den Blitz vermeiden, indirekt blitzen, die Blitzleistung auf den n\u00f6tigen Anteil herunterschrauben und im passenden Fall sogar weglassen. Und auch dies ist nicht auf das Fotografieren eines Neugeborenen beschr\u00e4nkt, sondern betrifft alle fotografischen Aktionen. Die einzige Kritik w\u00e4re demnach, dem unwissenden Fotografen auf die Finger zu hauen. Jener soll nicht so einen Terz machen, nur, weil er jetzt nen Blitz hat.<\/p>\n<p><a href=\"http:\/\/www.phreekz.de\/wordpress\/wp-content\/uploads\/2012\/05\/10-09-0790_theoI.jpg\"><img loading=\"lazy\" decoding=\"async\" src=\"http:\/\/www.phreekz.de\/wordpress\/wp-content\/uploads\/2012\/05\/10-09-0790_theoI.jpg\" alt=\"\" title=\"10-09-0790_theoI\" width=\"225\" height=\"338\" class=\"alignleft size-full wp-image-958\" srcset=\"http:\/\/www.phreekz.de\/wordpress\/wp-content\/uploads\/2012\/05\/10-09-0790_theoI.jpg 225w, http:\/\/www.phreekz.de\/wordpress\/wp-content\/uploads\/2012\/05\/10-09-0790_theoI-199x300.jpg 199w\" sizes=\"auto, (max-width: 225px) 100vw, 225px\" \/><\/a><\/p>\n<p><strong>Lieber Fotograf, Ja, Du darfst den Blitz benutzen, ich hoffe Du hast Dir Gedanken gemacht, warum Du das tust. Setze unser liebes neue Etwas nicht unn\u00f6tig unter Stre\u00df, es will mit Blitzen keine schlechte Erfahrungen machen.<\/strong><\/p>\n<p>Nachtrag: Jede Information zum Thema, besonders von \u00c4rzten und Wissenschaftlern sei hier gerne geh\u00f6rt und verlinkt. Falsche Mutma\u00dfungen von mir sind nicht absichtlich, sondern entspringen lediglich einem Gedankengang, der durch Erkl\u00e4rungen widerlegt werden darf.<\/p>\n<p>Quellenverweise\/Links:<br \/>\n<a href=\"http:\/\/foto.beitinger.de\/leitzahl\/index.html#Anchor-Vergleic-50139\">Leitzahl Ws und Joule<\/a><br \/>\n<a href=\"http:\/\/de.wikipedia.org\/wiki\/Schwei%C3%9Fen#Ma.C3.9Fnahmen\">Wikipedia Schwei\u00dfen Gefahren\/Ma\u00dfnahmen<\/a><br \/>\n<a href=\"http:\/\/www.biokurs.de\/skripten\/12\/bs12-38.htm\">Lichtsinne<\/a><br \/>\n<a href=\"http:\/\/www.trostreich.de\/Themen\/Liebe\/liebe.html\">Oxytocin \u2013 das Liebeshormon<\/a><br \/>\n<a href=\"http:\/\/www.familie.de\/eltern\/artikel\/babyfotos-leicht-gemacht\/blitz-muss-bei-babyfotos-nicht-sein\/\">Familie.de &#8211; Blitzen bei Babys mu\u00df nicht sein<\/a><br \/>\n<a href=\"http:\/\/www.dslr-forum.de\/showthread.php?t=1042681\">DSLR-Forum.de &#8211; Thread zur Frage, ob man Blitzen darf<\/a><\/p>\n","protected":false},"excerpt":{"rendered":"<p>Babys d\u00fcrfen nicht geblitzt werden. Das habe ich in den letzten Tagen doch wieder \u00f6fter gelesen &#8211; und musste mir auch anh\u00f6ren, ich sei kindfremd, m\u00f6glicherweise ein Sadist. Den Worten einer Hebamme wird (logischerweise) eher vertraut, da sie eine Neugeborenen-Erfahrene ist. In wohl allen Belangen des Geb\u00e4hrens und der Neugeborenenpflege ist Ihr Wissen goldrichtig. Nur,&hellip; <a class=\"more-link\" href=\"http:\/\/www.phreekz.de\/wordpress\/2012\/05\/babys-und-blitze\/\"><span class=\"screen-reader-text\">Babys und Blitze<\/span> weiterlesen<\/a><\/p>\n","protected":false},"author":1,"featured_media":973,"comment_status":"open","ping_status":"open","sticky":false,"template":"","format":"standard","meta":{"footnotes":""},"categories":[137],"tags":[234,233,90,12],"class_list":["post-949","post","type-post","status-publish","format-standard","has-post-thumbnail","hentry","category-foto-ebb","tag-baby","tag-blitzen","tag-dslr","tag-fotografie","entry"],"_links":{"self":[{"href":"http:\/\/www.phreekz.de\/wordpress\/wp-json\/wp\/v2\/posts\/949","targetHints":{"allow":["GET"]}}],"collection":[{"href":"http:\/\/www.phreekz.de\/wordpress\/wp-json\/wp\/v2\/posts"}],"about":[{"href":"http:\/\/www.phreekz.de\/wordpress\/wp-json\/wp\/v2\/types\/post"}],"author":[{"embeddable":true,"href":"http:\/\/www.phreekz.de\/wordpress\/wp-json\/wp\/v2\/users\/1"}],"replies":[{"embeddable":true,"href":"http:\/\/www.phreekz.de\/wordpress\/wp-json\/wp\/v2\/comments?post=949"}],"version-history":[{"count":25,"href":"http:\/\/www.phreekz.de\/wordpress\/wp-json\/wp\/v2\/posts\/949\/revisions"}],"predecessor-version":[{"id":1109,"href":"http:\/\/www.phreekz.de\/wordpress\/wp-json\/wp\/v2\/posts\/949\/revisions\/1109"}],"wp:featuredmedia":[{"embeddable":true,"href":"http:\/\/www.phreekz.de\/wordpress\/wp-json\/wp\/v2\/media\/973"}],"wp:attachment":[{"href":"http:\/\/www.phreekz.de\/wordpress\/wp-json\/wp\/v2\/media?parent=949"}],"wp:term":[{"taxonomy":"category","embeddable":true,"href":"http:\/\/www.phreekz.de\/wordpress\/wp-json\/wp\/v2\/categories?post=949"},{"taxonomy":"post_tag","embeddable":true,"href":"http:\/\/www.phreekz.de\/wordpress\/wp-json\/wp\/v2\/tags?post=949"}],"curies":[{"name":"wp","href":"https:\/\/api.w.org\/{rel}","templated":true}]}}