{"id":914,"date":"2012-04-23T21:35:41","date_gmt":"2012-04-23T19:35:41","guid":{"rendered":"http:\/\/www.phreekz.de\/wordpress\/?p=914"},"modified":"2012-10-10T12:28:06","modified_gmt":"2012-10-10T10:28:06","slug":"medientechnik-nachruf-quartal-1-2012","status":"publish","type":"post","link":"http:\/\/www.phreekz.de\/wordpress\/2012\/04\/medientechnik-nachruf-quartal-1-2012\/","title":{"rendered":"Medientechnik Nachruf Quartal 1 2012"},"content":{"rendered":"<p><img loading=\"lazy\" decoding=\"async\" class=\"alignleft\" title=\"5d III\" src=\"http:\/\/www.letsgodigital.org\/images\/producten\/3162\/specs\/canon-5d-mark-3.jpg\" alt=\"\" width=\"300\" height=\"200\" \/>Das erste Quartal hat uns einen riesen Packen Wunderzeugs gebracht. Canon und Nikon haben die Nachfolger der Spitzenger\u00e4te vorgestellt (<a href=\"http:\/\/www.canon.de\/For_Home\/Product_Finder\/Cameras\/Digital_SLR\/EOS_5D_Mark_III\/\">5D MkIII<\/a> und <a href=\"http:\/\/www.canon.de\/About_Us\/Press_Centre\/Press_Releases\/Consumer_News\/Cameras_Accessories\/eos-1_dx.aspx\">1DX<\/a> bzw. <a href=\"http:\/\/www.nikon.de\/de_DE\/product\/digital-cameras\/slr\/professional\/d4\">D4<\/a> und <a href=\"http:\/\/www.nikon.de\/de_DE\/product\/digital-cameras\/slr\/professional\/d800\">D800<\/a>), Sony will den neuen Sensor auch auf den Markt bringen, wohl am liebsten in Form einer spiegellosen EVIL \ud83d\ude42 (Ein Witz, sie soll <a href=\"http:\/\/www.sonya99.net\/\">A99 heissen und 102(!) Kreuzsensor-AF-Punkte bieten<\/a>..) <a href=\"http:\/\/www.spiegel.de\/wirtschaft\/unternehmen\/0,1518,810016,00.html\">Kodak ist Pleite<\/a>, <a href=\"http:\/\/www.dpreview.com\/previews\/fujifilmxpro1\">Fuji l\u00e4sst die Nostalgie f\u00fcr einen gewissen Obulus aufleben<\/a> und <a href=\"http:\/\/www.welt.de\/wirtschaft\/webwelt\/article106165835\/Facebook-kauft-Minifirma-fuer-eine-Milliarde-Dollar.html\">Instagram geht f\u00fcr ne knappe Milliarde<\/a> \u00fcbern Tisch. Zur\u00fcck zum DSLR-Thema. Zwischen sportlichen 16-18 \u00fcber 22 bis zu unglaublichen 36 Megapixel liegen die vorgestellten (und inzwischen in hom\u00f6opathischen Dosen erh\u00e4ltlichen) Spiegelreflexbodies. Auch im Profisektor ist das Megapixelrennen nicht beendet, nur hat diesmal Nikon (Sony-Sensor!) die Steilvorlage gebracht. Und damit nicht genug, sogar die<a href=\"http:\/\/www.giga.de\/digitalkamera\/nikon-d3200\/news\/nikon-d3200-24-megapixel-fur-die-einsteigerklasse\/\"> kleine D3200 von Nikon<\/a> soll 24 Megapixel haben &#8211; zum Preis ab ~600Eur. Der Einsteigerbody \u00fcberfl\u00fcgelt damit also locker die h\u00f6chstaufl\u00f6sende von Canon.<\/p>\n<p>Butter bei die Fische &#8211; wer braucht diese Menge an Pixeln? Lasst Euch nicht ins Bockshorn jagen, wenn jemand Pixelmelodien auf der Marketingtrompete spielt. Tats\u00e4chlich ist die reelle Aufl\u00f6sung der D3200 zu meiner 5D (13MPix) eben nicht knapp doppelt so hoch, sondern steigt nur um ~37% &#8211; im Falle der D3200 wird jetzt schon moniert, dass sie bei guten Lichtverh\u00e4ltnissen (bzw. niedriger ISO-Empfindlickeit) <a href=\"http:\/\/www.digitalfototreff.de\/viewtopic.php?f=2&amp;t=2910&amp;start=20\">sichtbar rauscht<\/a>. Aber wir wollen nicht unken. Canons zweitbeste, die 5D Mark III kann sich mit den Technikfetischisten (logischerweise Nichtbesitzer) auch nicht so richtig anfreunden, zu gering seien die Verbesserungen. Meine Meinung?! Tolle Modellpflege, eine gelungene Version 3. Nur eben keine Revolution. Und leider durch den Preis schon ein Forenf\u00fcller.  <\/p>\n<p><img loading=\"lazy\" decoding=\"async\" class=\"alignright\" src=\"http:\/\/www.letsgodigital.org\/images\/producten\/3000\/specs\/d800.jpg\" alt=\"\" width=\"300\" height=\"200\" \/>Da darf man nebenbei der D800 einen Applaus g\u00f6nnen, sie hat sowohl bei den Pixelz\u00e4hlern wie auch bei den Canontr\u00e4umern eine Euphorie sondersgleichen ausgel\u00f6st. F\u00fcr Action wird sie eher &#8211; trotz des hervorragenden AF-Systems &#8211; Nix sein, aber ihre hohe Bildqualit\u00e4t gepaart mit der schieren Menge an Pixeln macht sie \u00e4u\u00dferst attraktiv, so attraktiv, dass sie bei DxO, den Sensor-Kritikern, an einem gestandenen Mittelformatsystem <a href=\"http:\/\/www.dxomark.com\/index.php\/Publications\/DxOMark-Reviews\/Nikon-D800-Review\/Sensor-performance\">von 0 auf Platz 1 geh\u00fcpft ist<\/a>. Ist das nicht das Los des ewig Zweiten? Angriff ist die beste Verteidigung &#8211; und in diesem Fall sogar ein &#8222;Gamechanger&#8220;-Attribut. Nebenbei lese ich dennoch, dass sich beide Systeme wie geschnitten Brot verkaufen, im Falle eines gro\u00dfen US-Verk\u00e4ufers aber im Verh\u00e4ltnis 25:1 zugunsten Canon. So falsch lagen sie also nicht mit der Tat, die Gebrechen der 5D II auszumerzen. (&#8222;Talked to a major retailer today. It turns out the 5D Mark III has outsold the Nikon D800 25 to 1. Preorders favoured the 5D Mark III 15 to 1. I guess those are the only numbers that matter.&#8220; &#8211; canonrumors)<\/p>\n<p>Quo Vadis, liebe Fotografenwelt?!<\/p>\n<p>Im Videolager \u00e4hnlich revolution\u00e4r die Vorstellung von <a href=\"http:\/\/www.theverge.com\/2012\/4\/16\/2951614\/redray-4k-projector-and-player-NAB\">RED, einen 4K-Laserprojektor<\/a> f\u00fcr unter 10.000$ auf den Markt zu bringen, schon im September letzten Jahres war <a href=\"http:\/\/www.buhi.eu\/?p=1450\">ein Betatester voll des Lobes<\/a> &#8211; vision\u00e4r war der Herr Oakley Jannard schon immer, leider aber nicht sehr fix. Seine <a href=\"http:\/\/www.slashcam.de\/news\/single\/RED-Scarlet-im-Herbst-2009-fuer-3-000--bzw--3-750---7457.html\">seit Jahren ausgerufene Scarlet<\/a> war (Q4-2011) endlich (f\u00fcr ~12.000Eur) da und &#8211; ja.. und.. konnte lediglich den Graben zwischen den Nicht-Redianern und den Liebhabern vertiefen. Revolution\u00e4r war sie nicht. Schon gar nicht, als knapp zwei Monate sp\u00e4ter ein Noch-Nicht-Startup-Unternehmen mittels Kickstarter.com den Betrag zusammenbekam,<a href=\"http:\/\/www.slashcam.de\/news\/single\/Kickstarter-Projekt--Digital-Bolex---4-4-4-RAW-HD--9717.html\"> eine RAW-f\u00e4hige Videokamera f\u00fcr ~2.500$ mit Super16-Sensor und 2K-Aufl\u00f6sung zu realisieren<\/a> &#8211; so sollte doch die Scarlet werden.. damn..<\/p>\n<p>Canon greift auch endlich in den Filmmarkt ein, die Cinema-Line wurde schon letztes Jahr mit der C300 (~16.000Eur) er\u00f6ffnet, doch jetzt kommen noch die 1DC (~12.000Eur) und die C500 (~35.000Eur) dazu &#8211; und n paar Cine-Linsen f\u00fcr &#8222;Was-kost-die-Welt&#8220;, die<a href=\"http:\/\/www.canonrumors.com\/2012\/01\/canon-eos-c300-preorders-at-bh\/\"> Zoomlinsen bei etwa 45.000Eur<\/a>, die Festbrennweiten gesch\u00e4tzt bei 10.000Eur.&nbsp; Nix dabei f\u00fcr den aufstrebenden Indiefilmer &#8211; wo doch gerade Canons 5D MarkII mit der Video-DSLR-Revolution den Filmmarkt auf den Kopf gestellt hat. Also lag die Hoffnung auf neuen Goodies in der 5D III, zumindest in Nikons D800. Beide haben aber lediglich Magerkost zu bieten, wenn man der Meinung der Foren vertrauen darf (..mu\u00df man aber nicht..).<\/p>\n<p><img loading=\"lazy\" decoding=\"async\" class=\"alignleft\" src=\"http:\/\/blogarpi.files.wordpress.com\/2012\/04\/cinema_camera.jpg?w=497\" alt=\"\" width=\"300\" height=\"200\" \/>Und dann mussten die Uhren neu gestellt werden: NAB2012 und Blackmagic. Eine gestandene Mini-Firma (mit eigenen kleinen Problemchen \ud83d\ude42 sie beenden nie die Arbeit am Produkt) legt einfach so<a href=\"http:\/\/www.slashcam.de\/artikel\/Editorials\/Blackmagic-Cinema-Camera---weshalb-sie-den-Markt-umwaelzen-wird.html\"> eine RAW-f\u00e4hige 2,5K-Kamera mit ~13 Blenden Dynamikumfang im &#8222;So-Gar-Nicht-Kamera-like&#8220;-Style hin &#8211; und das f\u00fcr (inzwischen gesicherte) 2.500Eur.<\/a> Gut, der Sensor scheint Einigen zu klein zu sein, kaum gr\u00f6\u00dfer als das Super16-Format &#8211; aber scheinbar rattenscharfes RAW f\u00fcr Schonkostgeld, das ist die Verkaufsformel f\u00fcr die n\u00e4chsten Jahre &#8211; das 3D- und 4K-Marketing verpufft dagegen wie ein Tropfen Wasser in der W\u00fcste, zumal nur die Kino-Gucker etwas davon h\u00e4tten &#8211; wenn das Kino doch daf\u00fcr eingerichtet w\u00e4re. Sehen wir die 4K-Diskussion einfach nur als Grundlage f\u00fcr das <a href=\"http:\/\/de.wikipedia.org\/wiki\/Nyquist-Shannon-Abtasttheorem\">Shannon-Theorem<\/a> und &#8222;habenWollen&#8220;-Verkaufsstrategien, dann wird alles gut. Jedenfalls legt Blackmagic noch ihre Postpro-Software <a href=\"http:\/\/www.blackmagic-design.com\/products\/davinciresolve\">DaVinci Resolve<\/a> dazu, kostet separat schon knapp 1.000Eur (kleiner Tip: es gibt ne freie Version (Lite) davon, ausprobieren! ganz unten im Link). Na gut, die Kleinigkeiten am Rand sollten nicht unerw\u00e4hnt bleiben: <a href=\"http:\/\/www.videoaktiv.de\/201204187288\/News\/Camcorder\/NAB-2012-GoPro-Protune-CineStyle-fur-Hero2-HD.html\">GoPro will seine HDHero2-Serie mit einer Firmware mit mehr Dynamik und h\u00f6herer Datenrate ausstatten<\/a> und <a href=\"http:\/\/www.anisecond.com\/artikel\/nab-2012-adobe-creative-suite-6-production-premium-creative-suite-6-production-premium\/2042.html\">Adobe feiert seinen Monopolismus mit der Version CS6<\/a>.<\/p>\n<p>Quo Vadis, ihr Videonauten?!<\/p>\n<p>In beiden F\u00e4llen, der Fotografie und auch im Videosektor ist zumindest im deutschsprachigen Bereich die Forendiskussion um Gut\/B\u00f6se, Fanboy\/Flamer entbrannt und Beitr\u00e4ge werden regelm\u00e4\u00dfig zeitweilig geschlossen, weil Bauch und Kopf ihre Pl\u00e4tze getauscht haben. Tats\u00e4chlich hat jedes neue Produkt, das wie der Heiland erwartet wird, einen schweren Stand, denn es kann nur &#8211; ob der hohen Erwartungen &#8211; entt\u00e4uschen. Im Sinne der Kunst kann ich nur mitgeben: Technik ist nicht Kunst und ein Film\/Bild wird nicht besser aufgrund seiner Aufl\u00f6sung oder Dynamik, sondern bestimmt seinen Wert allein aufgrund des Inhalts.<\/p>\n<p>Und jetzt kaufe mir doch bitte Jemand <a href=\"http:\/\/www.flickr.com\/photos\/chmee\/7061863055\/in\/photostream\">dieses Bild<\/a> f\u00fcr 3 Millionen ab, ich k\u00f6nnts gut anlegen in Ger\u00e4te dieses ersten Quartals \ud83d\ude00<\/p>\n<p><img loading=\"lazy\" decoding=\"async\" src=\"http:\/\/farm6.staticflickr.com\/5075\/7061863055_c7c0330094_z.jpg\" alt=\"\" width=\"640\" height=\"427\" \/><\/p>\n","protected":false},"excerpt":{"rendered":"<p>Das erste Quartal hat uns einen riesen Packen Wunderzeugs gebracht. Canon und Nikon haben die Nachfolger der Spitzenger\u00e4te vorgestellt (5D MkIII und 1DX bzw. D4 und D800), Sony will den neuen Sensor auch auf den Markt bringen, wohl am liebsten in Form einer spiegellosen EVIL \ud83d\ude42 (Ein Witz, sie soll A99 heissen und 102(!) Kreuzsensor-AF-Punkte&hellip; <a class=\"more-link\" href=\"http:\/\/www.phreekz.de\/wordpress\/2012\/04\/medientechnik-nachruf-quartal-1-2012\/\"><span class=\"screen-reader-text\">Medientechnik Nachruf Quartal 1 2012<\/span> weiterlesen<\/a><\/p>\n","protected":false},"author":1,"featured_media":1111,"comment_status":"open","ping_status":"open","sticky":false,"template":"","format":"standard","meta":{"footnotes":""},"categories":[137,7],"tags":[231,14,90,12,232,229,230,121],"class_list":["post-914","post","type-post","status-publish","format-standard","has-post-thumbnail","hentry","category-foto-ebb","category-video-graphics","tag-blackmagic","tag-canon","tag-dslr","tag-fotografie","tag-nab2012","tag-nikon","tag-red","tag-video","entry"],"_links":{"self":[{"href":"http:\/\/www.phreekz.de\/wordpress\/wp-json\/wp\/v2\/posts\/914","targetHints":{"allow":["GET"]}}],"collection":[{"href":"http:\/\/www.phreekz.de\/wordpress\/wp-json\/wp\/v2\/posts"}],"about":[{"href":"http:\/\/www.phreekz.de\/wordpress\/wp-json\/wp\/v2\/types\/post"}],"author":[{"embeddable":true,"href":"http:\/\/www.phreekz.de\/wordpress\/wp-json\/wp\/v2\/users\/1"}],"replies":[{"embeddable":true,"href":"http:\/\/www.phreekz.de\/wordpress\/wp-json\/wp\/v2\/comments?post=914"}],"version-history":[{"count":21,"href":"http:\/\/www.phreekz.de\/wordpress\/wp-json\/wp\/v2\/posts\/914\/revisions"}],"predecessor-version":[{"id":1112,"href":"http:\/\/www.phreekz.de\/wordpress\/wp-json\/wp\/v2\/posts\/914\/revisions\/1112"}],"wp:featuredmedia":[{"embeddable":true,"href":"http:\/\/www.phreekz.de\/wordpress\/wp-json\/wp\/v2\/media\/1111"}],"wp:attachment":[{"href":"http:\/\/www.phreekz.de\/wordpress\/wp-json\/wp\/v2\/media?parent=914"}],"wp:term":[{"taxonomy":"category","embeddable":true,"href":"http:\/\/www.phreekz.de\/wordpress\/wp-json\/wp\/v2\/categories?post=914"},{"taxonomy":"post_tag","embeddable":true,"href":"http:\/\/www.phreekz.de\/wordpress\/wp-json\/wp\/v2\/tags?post=914"}],"curies":[{"name":"wp","href":"https:\/\/api.w.org\/{rel}","templated":true}]}}