{"id":648,"date":"2010-11-19T16:24:54","date_gmt":"2010-11-19T14:24:54","guid":{"rendered":"http:\/\/www.phreekz.de\/wordpress\/?p=648"},"modified":"2010-11-20T14:56:44","modified_gmt":"2010-11-20T12:56:44","slug":"terror-wo","status":"publish","type":"post","link":"http:\/\/www.phreekz.de\/wordpress\/2010\/11\/terror-wo\/","title":{"rendered":"Terror? Wo?"},"content":{"rendered":"<p>Die letzten Tage sind gepr\u00e4gt von Terrormeldungen in Deutschland. De Maizi\u00e9re hat also am (?) Dienstag 16.11. ausgerufen, dass wir Ziel eines Anschlags sein k\u00f6nnten. Info kommt aus gesicherten Kreisen, USA also. Terrormeldung raus und schwupps, am n\u00e4chsten Tag (17.11.) schon zwei Bombenpakete in Fliegern gefunden &#8211; auf dem Weg nach Deutschland selbstredend. Am 19.11. (Heute) dann die Bes\u00e4nftigung, nur Atrappen, puhh &#8211; Gl\u00fcck gehabt. Mal einige Punkte, die ich mal f\u00fcr und gegen einen Terrorakt auf deutschem Grund aussprechen m\u00f6chte &#8211; und andere Seitenhiebe, die diese ganze Angstmache mal ein bisschen neutraler beleuchtet.<\/p>\n<ul>\n<li>Warum sollte Deutschland Ziel eines Anschlags sein? Die gro\u00dfen K\u00e4mpfer gegen die westlichen Staaten sehen in Deutschland mit Sicherheit keine Bedrohung. M\u00f6chte man Tod mit Tod bestrafen, stehen einige L\u00e4nder weit vor uns in der Liste.<\/li>\n<li>Wer hat etwas von der Angstmache? Die regierende Partei? In grauer Vorahnung auf das kommende Scheitern bei den n\u00e4chsten Wahlen?<\/li>\n<li>Milit\u00e4rindustrie und Dienstleister? Solange die Bundeswehr eine staatliche Einrichtung ist, wird das Geld auch flie\u00dfen, bezahlt durch das Volk. Besser also, die Milit\u00e4rausgaben durch die Meinung des Volkes best\u00e4tigt zu sehen, nicht wahr? Wie sieht \u00a0es mit dem gerade frisch auf dem Markt erschienen A400M-Milit\u00e4rtransporter aus? Brauchen wir davon gerade 20? Andersrum : Durch Panikmache wird der Wert des Milit\u00e4rs gehoben und die Auftragsb\u00fccher gef\u00fcllt, damit sie im Fall der &#8222;Privatisierung&#8220; ein finanzielles Polster haben.<\/li>\n<li>Die Rolle der Exekutive in der innerdeutschen Sicherheit.. Bekr\u00e4ftigung der Position, Freigabe von Staatsgeldern f\u00fcr die Neuausstattung? Ausweitung der Einsatzbereiches? stillschweigende Anerkennung der K\u00f6rperscanner &#8211; damit verbunden weitere Auftr\u00e4ge, die irgendein Auftragsheft f\u00fcllen?!<\/li>\n<li>Wer ist denn wirklich so bl\u00f6d, ein Tag nach der Ver\u00f6ffentlichung der Terrordrohung Paketbomben loszuschicken? \u00a0Zufall?<\/li>\n<li>geschickte Unterwanderung der &#8222;positiven&#8220; Wirtschaftsprognosen dieses Jahres durch Zerst\u00f6rung der Weihnachtsgesch\u00e4fts (Terror auf den Weihnachtsm\u00e4rkten)? Schlechte Wirtschaftszahlen = Geld sparen = Geld umlegen = Sozialausgaben weiter k\u00fcrzen?<\/li>\n<li>Nun, welchen Sinn macht es, zuerst eine Info rauszugeben, im Fernsehen eine Ansprache zu halten und dann die Exekutive loszuschicken?! Ist es nicht sinnvoll, erst der Bedrohung entgegenzutreten und danach auf Anfrage zu \u00a0erkl\u00e4ren, warum soviele Polizisten im Einsatz sind?<\/li>\n<li>Drohender Zusammenbruch der sozialen Stellen durch Verzicht auf Zivildienstleistende? Andersrum : Drohende Kostenexplosion, die nur \u00fcber Billigstarbeiter aufgefangen werden kann. Viele Billiglohnpl\u00e4tze = weniger Arbeitslose = Bessere Zahlen f\u00fcr die regierende Partei.<\/li>\n<\/ul>\n<p>Unterm Strich lassen sich viele Gedankenkonstrukte aufbauen, warum eine Terrordrohung ein sinnvoller Akt ist &#8211; F\u00dcR WEN AUCH IMMER. In den seltensten F\u00e4llen aber sinnvoll f\u00fcr die Terroristen! Alles ganz sch\u00f6n haneb\u00fcchene Verschw\u00f6rungsduselei, nicht wahr? Bitte lasst Euch durch den Kopf gehen, wieviele Anschl\u00e4ge tats\u00e4chlich in den letzten 10 Jahren in der westlichen Welt ver\u00fcbt worden sind. Versuchte Anschl\u00e4ge? \u00a0-&gt; Die erste Zahl ist offensichtlich niedrig, die zweite nicht nennbar. Tatsache ist, dass diese Geheimdienste es schaffen, kleine 2-Mann-Aktionen aufzudecken, aber sogar bei 30Minuten Reaktionszeit nicht f\u00e4hig sind, zu reagieren? Die abschlie\u00dfende Frage bleibt immer : WER HAT ETWAS DAVON! zu 99,9% die Staaten, deren Politiker und deren Produzenten. Jedenfalls nicht der einfache Mensch, den man vor 4 Tagen informiert hat.<\/p>\n<p><strong>Nachtrag Sa 20.11.2010<\/strong><br \/>\n(1) Die &#8222;Bombenattrappe&#8220; wurde von einer 80j\u00e4hrigen gebaut. A-HA! <a href=\"http:\/\/newsticker.sueddeutsche.de\/list\/id\/1071310\">Link<br \/>\n<\/a>(2) Der Reichstag soll das Ziel von Al-Quaida sein. A-HA! <a href=\"http:\/\/www.zeit.de\/gesellschaft\/zeitgeschehen\/2010-11\/spiegel-anschlag-reichstag\">Link<\/a><br \/>\n(3) CSU fordert neue Befugnisse in Bezug auf islamistische &#8222;Gef\u00e4hrder&#8220; A-HA! <a href=\"http:\/\/www.welt.de\/politik\/deutschland\/article11072977\/CSU-will-islamistische-Gefaehrder-festnehmen.html\">Link<\/a><\/p>\n<p>Ich f\u00fchl mich ein bisschen wie in einer schlechten Polit-Soap! H\u00e4ngt den Drehbuchschreiber doch ein bisschen h\u00f6her..<\/p>\n<p><strong>Nachtrag Sa 20.11.2010 &#8211; 13:00h<\/strong><br \/>\nDa hat sich doch glatt Einer gestellt und gleich seine 6k\u00f6pfige Gruppe verpfiffen. Welche Ermittlungseinheit auf dieser Welt ist so bl\u00f6d, gleich mal alles herauszuposaunen? Die Ghostscripter werden immer schlechter und dieses Land immer l\u00e4cherlicher.<\/p>\n","protected":false},"excerpt":{"rendered":"<p>Die letzten Tage sind gepr\u00e4gt von Terrormeldungen in Deutschland. De Maizi\u00e9re hat also am (?) Dienstag 16.11. ausgerufen, dass wir Ziel eines Anschlags sein k\u00f6nnten. Info kommt aus gesicherten Kreisen, USA also. Terrormeldung raus und schwupps, am n\u00e4chsten Tag (17.11.) schon zwei Bombenpakete in Fliegern gefunden &#8211; auf dem Weg nach Deutschland selbstredend. Am 19.11.&hellip; <a class=\"more-link\" href=\"http:\/\/www.phreekz.de\/wordpress\/2010\/11\/terror-wo\/\"><span class=\"screen-reader-text\">Terror? Wo?<\/span> weiterlesen<\/a><\/p>\n","protected":false},"author":1,"featured_media":0,"comment_status":"open","ping_status":"open","sticky":false,"template":"","format":"standard","meta":{"footnotes":""},"categories":[1],"tags":[],"class_list":["post-648","post","type-post","status-publish","format-standard","hentry","category-allgemein","entry"],"_links":{"self":[{"href":"http:\/\/www.phreekz.de\/wordpress\/wp-json\/wp\/v2\/posts\/648","targetHints":{"allow":["GET"]}}],"collection":[{"href":"http:\/\/www.phreekz.de\/wordpress\/wp-json\/wp\/v2\/posts"}],"about":[{"href":"http:\/\/www.phreekz.de\/wordpress\/wp-json\/wp\/v2\/types\/post"}],"author":[{"embeddable":true,"href":"http:\/\/www.phreekz.de\/wordpress\/wp-json\/wp\/v2\/users\/1"}],"replies":[{"embeddable":true,"href":"http:\/\/www.phreekz.de\/wordpress\/wp-json\/wp\/v2\/comments?post=648"}],"version-history":[{"count":5,"href":"http:\/\/www.phreekz.de\/wordpress\/wp-json\/wp\/v2\/posts\/648\/revisions"}],"predecessor-version":[{"id":652,"href":"http:\/\/www.phreekz.de\/wordpress\/wp-json\/wp\/v2\/posts\/648\/revisions\/652"}],"wp:attachment":[{"href":"http:\/\/www.phreekz.de\/wordpress\/wp-json\/wp\/v2\/media?parent=648"}],"wp:term":[{"taxonomy":"category","embeddable":true,"href":"http:\/\/www.phreekz.de\/wordpress\/wp-json\/wp\/v2\/categories?post=648"},{"taxonomy":"post_tag","embeddable":true,"href":"http:\/\/www.phreekz.de\/wordpress\/wp-json\/wp\/v2\/tags?post=648"}],"curies":[{"name":"wp","href":"https:\/\/api.w.org\/{rel}","templated":true}]}}