{"id":29,"date":"2006-04-28T23:24:57","date_gmt":"2006-04-28T21:24:57","guid":{"rendered":"http:\/\/www.phreekz.de\/wordpress\/?p=29"},"modified":"2009-07-06T11:46:20","modified_gmt":"2009-07-06T09:46:20","slug":"adapter-und-der-rest","status":"publish","type":"post","link":"http:\/\/www.phreekz.de\/wordpress\/2006\/04\/adapter-und-der-rest\/","title":{"rendered":"Adapter und der Rest"},"content":{"rendered":"<p>W\u00e4hrend ich weiter gr\u00fcble, hier noch n Link zu nem  schlauen Kerlchen, der sich ne Menge Gedanken macht. Und bei dem die Kritik zur HC1 wirklich Spa\u00df macht,<br \/>\nweil er sie wirklich testet und benutzt.<\/p>\n<p><a href=\"http:\/\/www.fxsupport.de\/hc1\/index.html\">www.fxsupport.de<\/a> &#8211; Leider eingestellt &#8211; Daf\u00fcr jetzt <a href=\"http:\/\/www.fxsupport.de\/01.html\">&#8212;Hier&#8212;<\/a><\/p>\n<p>Ich bin inzwischen soweit, dass ich das Groundglass eingepasst habe und noch das Bajonett mit einer Unterlegscheibe, die als Feder fungiert, festmachen muss. Ansonsten sollte ich mal langsam ne Kamera kaufen. Oder mit dem Adapter in nen Laden rennen, ne DV-Kassette kaufen und am lebenden Objekt testen.<\/p>\n<p>\u00dcbrigens : Traurige Nachricht<\/p>\n<p>Die HC1 Produktion wird eingestellt. Man geht davon aus, dass die Gewinmarge nicht hoch genug war. &#8212; Gleichzeitig war das Bild zu gut f\u00fcr eine Billigkamera&#8211;<br \/>\nIch habe bis Dato noch keine gekauft, mu\u00df mir schnellstens \u00fcberlegen, ob ich noch eine abgreifen soll oder das Thema HDV in diesem Jahr ad Acta lege und mich auf das n\u00e4chste Jahr konzentriere.<\/p>\n","protected":false},"excerpt":{"rendered":"<p>W\u00e4hrend ich weiter gr\u00fcble, hier noch n Link zu nem schlauen Kerlchen, der sich ne Menge Gedanken macht. Und bei dem die Kritik zur HC1 wirklich Spa\u00df macht, weil er sie wirklich testet und benutzt. www.fxsupport.de &#8211; Leider eingestellt &#8211; Daf\u00fcr jetzt &#8212;Hier&#8212; Ich bin inzwischen soweit, dass ich das Groundglass eingepasst habe und noch&hellip; <a class=\"more-link\" href=\"http:\/\/www.phreekz.de\/wordpress\/2006\/04\/adapter-und-der-rest\/\"><span class=\"screen-reader-text\">Adapter und der Rest<\/span> weiterlesen<\/a><\/p>\n","protected":false},"author":1,"featured_media":0,"comment_status":"open","ping_status":"open","sticky":false,"template":"","format":"standard","meta":{"footnotes":""},"categories":[7],"tags":[3,5,4,6],"class_list":["post-29","post","type-post","status-publish","format-standard","hentry","category-video-graphics","tag-35mm","tag-adapter","tag-diy","tag-filmlook","entry"],"_links":{"self":[{"href":"http:\/\/www.phreekz.de\/wordpress\/wp-json\/wp\/v2\/posts\/29","targetHints":{"allow":["GET"]}}],"collection":[{"href":"http:\/\/www.phreekz.de\/wordpress\/wp-json\/wp\/v2\/posts"}],"about":[{"href":"http:\/\/www.phreekz.de\/wordpress\/wp-json\/wp\/v2\/types\/post"}],"author":[{"embeddable":true,"href":"http:\/\/www.phreekz.de\/wordpress\/wp-json\/wp\/v2\/users\/1"}],"replies":[{"embeddable":true,"href":"http:\/\/www.phreekz.de\/wordpress\/wp-json\/wp\/v2\/comments?post=29"}],"version-history":[{"count":5,"href":"http:\/\/www.phreekz.de\/wordpress\/wp-json\/wp\/v2\/posts\/29\/revisions"}],"predecessor-version":[{"id":37,"href":"http:\/\/www.phreekz.de\/wordpress\/wp-json\/wp\/v2\/posts\/29\/revisions\/37"}],"wp:attachment":[{"href":"http:\/\/www.phreekz.de\/wordpress\/wp-json\/wp\/v2\/media?parent=29"}],"wp:term":[{"taxonomy":"category","embeddable":true,"href":"http:\/\/www.phreekz.de\/wordpress\/wp-json\/wp\/v2\/categories?post=29"},{"taxonomy":"post_tag","embeddable":true,"href":"http:\/\/www.phreekz.de\/wordpress\/wp-json\/wp\/v2\/tags?post=29"}],"curies":[{"name":"wp","href":"https:\/\/api.w.org\/{rel}","templated":true}]}}