{"id":210,"date":"2008-10-09T09:36:44","date_gmt":"2008-10-09T07:36:44","guid":{"rendered":"http:\/\/www.phreekz.de\/wordpress\/?p=210"},"modified":"2009-08-24T12:39:58","modified_gmt":"2009-08-24T10:39:58","slug":"kaufempfehlung-okt2008-2","status":"publish","type":"post","link":"http:\/\/www.phreekz.de\/wordpress\/2008\/10\/kaufempfehlung-okt2008-2\/","title":{"rendered":"Kaufempfehlung Okt 2008"},"content":{"rendered":"<p><span style=\"font-weight: bold;\"><span style=\"font-size: 150%; line-height: normal;\"><span style=\"color: #ffff00;\">Grafikkarten<\/span><\/span><\/span><\/p>\n<p>Die neue Offensive von ATI\/AMD tr\u00e4gt erste Fr\u00fcchte. Nachdem AMD Nvidia mit den Karten komplett \u00fcberrascht hat, sind die Preise drastisch gefallen. Gut f\u00fcr den User, mal schauen, wie AMD das verkraftet, denn diesen &#8222;Fehler&#8220; haben sie auch schon in der CPU-Branche gemacht. Verkauft sich wie bl\u00f6de, aber leider bleibt AMD in den roten Zahlen. Ich hoffe, dass es jetzt was bringt. F\u00fcr den preisbewussten Spieler ist die AMD 3870 f\u00fcr knapp 90 Euro ein ideales Geschenk. ( Weihnachten <img decoding=\"async\" title=\"Smile\" src=\"http:\/\/phreekz.de\/Forum3\/images\/smilies\/icon_smile.gif\" alt=\":)\" \/> )<\/p>\n<p><span style=\"color: #ffff00;\">Preistabelle &#8211; Stand 09.10.2008<\/span><\/p>\n<p>&#8222;alte Generation<\/p>\n<p>AMD 2600Pro &#8211; 600MHz 256MB &#8211; ab etwa 50 Euro<br \/>\nAMD 3650 &#8211; 725MHz 1024MB &#8211; ab etwa 60 Euro<br \/>\nAMD 3870 &#8211; 775MHz 512MB &#8211; ab etwa 90 Euro<\/p>\n<p>Nvidia 8600GT &#8211; 540MHz 512MB &#8211; ab etwa 70 Euro<br \/>\nNvidia 9600GT &#8211; 650MHz 512MB &#8211; ab etwa 110 Euro<br \/>\nNvidia 9800GT &#8211; 625MHz 512MB &#8211; ab etwa 125 Euro<\/p>\n<p>neue Generation<\/p>\n<p>AMD 4650 &#8211; 600MHz 512MB &#8211; ab etwa 70 Euro<br \/>\nAMD 4670 &#8211; 750MHz 512MB &#8211; ab etwa 75 Euro<br \/>\nAMD 4850 &#8211; 625MHz 512MB &#8211; ab etwa 125 Euro<br \/>\nAMD 4870 &#8211; 800MHz 512MB &#8211; ab etwa 200 Euro<\/p>\n<p>Nivida GTX260 &#8211; 575MHz 896MB &#8211; ab etwa 240 Euro<br \/>\nNvidia GTX280 &#8211; 600MHz 1024MB &#8211; ab etwa 370 Euro<\/p>\n","protected":false},"excerpt":{"rendered":"<p>Grafikkarten Die neue Offensive von ATI\/AMD tr\u00e4gt erste Fr\u00fcchte. Nachdem AMD Nvidia mit den Karten komplett \u00fcberrascht hat, sind die Preise drastisch gefallen. Gut f\u00fcr den User, mal schauen, wie AMD das verkraftet, denn diesen &#8222;Fehler&#8220; haben sie auch schon in der CPU-Branche gemacht. Verkauft sich wie bl\u00f6de, aber leider bleibt AMD in den roten&hellip; <a class=\"more-link\" href=\"http:\/\/www.phreekz.de\/wordpress\/2008\/10\/kaufempfehlung-okt2008-2\/\"><span class=\"screen-reader-text\">Kaufempfehlung Okt 2008<\/span> weiterlesen<\/a><\/p>\n","protected":false},"author":1,"featured_media":0,"comment_status":"open","ping_status":"open","sticky":false,"template":"","format":"standard","meta":{"footnotes":""},"categories":[29],"tags":[45,89,78,46],"class_list":["post-210","post","type-post","status-publish","format-standard","hentry","category-pc-leben-und-leiden","tag-ati","tag-gpu","tag-grafikkarte","tag-nvidia","entry"],"_links":{"self":[{"href":"http:\/\/www.phreekz.de\/wordpress\/wp-json\/wp\/v2\/posts\/210","targetHints":{"allow":["GET"]}}],"collection":[{"href":"http:\/\/www.phreekz.de\/wordpress\/wp-json\/wp\/v2\/posts"}],"about":[{"href":"http:\/\/www.phreekz.de\/wordpress\/wp-json\/wp\/v2\/types\/post"}],"author":[{"embeddable":true,"href":"http:\/\/www.phreekz.de\/wordpress\/wp-json\/wp\/v2\/users\/1"}],"replies":[{"embeddable":true,"href":"http:\/\/www.phreekz.de\/wordpress\/wp-json\/wp\/v2\/comments?post=210"}],"version-history":[{"count":2,"href":"http:\/\/www.phreekz.de\/wordpress\/wp-json\/wp\/v2\/posts\/210\/revisions"}],"predecessor-version":[{"id":368,"href":"http:\/\/www.phreekz.de\/wordpress\/wp-json\/wp\/v2\/posts\/210\/revisions\/368"}],"wp:attachment":[{"href":"http:\/\/www.phreekz.de\/wordpress\/wp-json\/wp\/v2\/media?parent=210"}],"wp:term":[{"taxonomy":"category","embeddable":true,"href":"http:\/\/www.phreekz.de\/wordpress\/wp-json\/wp\/v2\/categories?post=210"},{"taxonomy":"post_tag","embeddable":true,"href":"http:\/\/www.phreekz.de\/wordpress\/wp-json\/wp\/v2\/tags?post=210"}],"curies":[{"name":"wp","href":"https:\/\/api.w.org\/{rel}","templated":true}]}}