{"id":168,"date":"2006-06-22T13:04:41","date_gmt":"2006-06-22T11:04:41","guid":{"rendered":"http:\/\/www.phreekz.de\/wordpress\/?p=168"},"modified":"2009-08-24T12:44:36","modified_gmt":"2009-08-24T10:44:36","slug":"kaufempfehlung-jun2006","status":"publish","type":"post","link":"http:\/\/www.phreekz.de\/wordpress\/2006\/06\/kaufempfehlung-jun2006\/","title":{"rendered":"Kaufempfehlung Jun 2006"},"content":{"rendered":"<div><span style=\"font-weight: bold;\"><span style=\"font-size: 150%; line-height: normal;\">TFT Monitore :<\/span><\/span><\/p>\n<p>Langsam wird es Zeit, auf dem Schreibtisch aufzur\u00e4umen, den dicken CRT-R\u00f6hrenmonitor wegzuwerfen und die Stromkasse zu entlasten.<\/p>\n<p>Zum Vergleich:<br \/>\nMein Eizo F77S CRT-Monitor ( naja 2 ) hat bei knapp 21&#8243; eine superscharfe Aufl\u00f6sung von 1600&#215;1200, aber bei einem Kampfgewicht von etwa 25kg und einem Leistungsverbrauch von etwa 150W !<\/p>\n<p>&#8212;&#8212;&#8212;&#8212;&#8212;&#8212;&#8212;&#8212;&#8212;&#8212;&#8212;&#8212;&#8212;&#8212;&#8212;-<br \/>\n<span style=\"font-weight: bold;\">Fujitsu-Siemens W19-1<\/span> &#8211; <a href=\"http:\/\/www.prad.de\/new\/monitore\/test-fsc-fujitsu-siemens-w19-1.html\">Testbericht bei PRAD<\/a><br \/>\n19&#8243; TFT mit TN-Panel<br \/>\nBreitbild 16:10 Format<br \/>\nAufl\u00f6sung 1440x900px bei 60Hz<br \/>\nStromverbrauch etwa 50W<br \/>\nPreis momentan zw. 260 und 350EUR<\/p>\n<p><span style=\"font-weight: bold;\">Belinea 102035W<\/span> &#8211; <a href=\"http:\/\/www.prad.de\/new\/monitore\/test-belinea-102035w.html\">Testbericht bei PRAD<\/a><br \/>\n20,1&#8243; TFT mit PMVA Panel<br \/>\nBreitbild 16:10<br \/>\nAufl\u00f6sung 1680x1050px<br \/>\nStromverbrauch etwa 60W<br \/>\nPreis momentan zw. 400 und 500 EUR<br \/>\n&#8212;&#8212;&#8212;&#8212;&#8212;&#8212;&#8212;&#8212;&#8212;&#8212;&#8212;&#8212;&#8212;&#8212;&#8212;&#8212;&#8212;&#8212;&#8212;&#8212;<br \/>\nIn jedem Falle w\u00fcrde ich den digitalen DVI-D Anschlu\u00df bevorzugen, da beim analogen 15pol. VGA-Anschlu\u00df das Bild sehr stark von den auf der GraKa verwendeten Wandlern abh\u00e4ngig ist. Da k\u00f6nnen sehr schnell Unsch\u00e4rfen, Ghostpictures u\u00c4 auftreten.<\/p>\n<p>F\u00fcr weitere TFT-Tests empfehle ich <a href=\"http:\/\/www.prad.de\/new\/monitore\/kaufberatungstart.html\">prad<\/a><\/div>\n","protected":false},"excerpt":{"rendered":"<p>TFT Monitore : Langsam wird es Zeit, auf dem Schreibtisch aufzur\u00e4umen, den dicken CRT-R\u00f6hrenmonitor wegzuwerfen und die Stromkasse zu entlasten. Zum Vergleich: Mein Eizo F77S CRT-Monitor ( naja 2 ) hat bei knapp 21&#8243; eine superscharfe Aufl\u00f6sung von 1600&#215;1200, aber bei einem Kampfgewicht von etwa 25kg und einem Leistungsverbrauch von etwa 150W ! &#8212;&#8212;&#8212;&#8212;&#8212;&#8212;&#8212;&#8212;&#8212;&#8212;&#8212;&#8212;&#8212;&#8212;&#8212;- Fujitsu-Siemens&hellip; <a class=\"more-link\" href=\"http:\/\/www.phreekz.de\/wordpress\/2006\/06\/kaufempfehlung-jun2006\/\"><span class=\"screen-reader-text\">Kaufempfehlung Jun 2006<\/span> weiterlesen<\/a><\/p>\n","protected":false},"author":1,"featured_media":0,"comment_status":"open","ping_status":"open","sticky":false,"template":"","format":"standard","meta":{"footnotes":""},"categories":[29],"tags":[],"class_list":["post-168","post","type-post","status-publish","format-standard","hentry","category-pc-leben-und-leiden","entry"],"_links":{"self":[{"href":"http:\/\/www.phreekz.de\/wordpress\/wp-json\/wp\/v2\/posts\/168","targetHints":{"allow":["GET"]}}],"collection":[{"href":"http:\/\/www.phreekz.de\/wordpress\/wp-json\/wp\/v2\/posts"}],"about":[{"href":"http:\/\/www.phreekz.de\/wordpress\/wp-json\/wp\/v2\/types\/post"}],"author":[{"embeddable":true,"href":"http:\/\/www.phreekz.de\/wordpress\/wp-json\/wp\/v2\/users\/1"}],"replies":[{"embeddable":true,"href":"http:\/\/www.phreekz.de\/wordpress\/wp-json\/wp\/v2\/comments?post=168"}],"version-history":[{"count":3,"href":"http:\/\/www.phreekz.de\/wordpress\/wp-json\/wp\/v2\/posts\/168\/revisions"}],"predecessor-version":[{"id":170,"href":"http:\/\/www.phreekz.de\/wordpress\/wp-json\/wp\/v2\/posts\/168\/revisions\/170"}],"wp:attachment":[{"href":"http:\/\/www.phreekz.de\/wordpress\/wp-json\/wp\/v2\/media?parent=168"}],"wp:term":[{"taxonomy":"category","embeddable":true,"href":"http:\/\/www.phreekz.de\/wordpress\/wp-json\/wp\/v2\/categories?post=168"},{"taxonomy":"post_tag","embeddable":true,"href":"http:\/\/www.phreekz.de\/wordpress\/wp-json\/wp\/v2\/tags?post=168"}],"curies":[{"name":"wp","href":"https:\/\/api.w.org\/{rel}","templated":true}]}}