{"id":118,"date":"2006-11-16T13:44:58","date_gmt":"2006-11-16T11:44:58","guid":{"rendered":"http:\/\/www.phreekz.de\/wordpress\/?p=118"},"modified":"2009-07-06T13:46:22","modified_gmt":"2009-07-06T11:46:22","slug":"politisches-allerlei-national-sein","status":"publish","type":"post","link":"http:\/\/www.phreekz.de\/wordpress\/2006\/11\/politisches-allerlei-national-sein\/","title":{"rendered":"Politisches Allerlei &#8211; National sein?"},"content":{"rendered":"<p>Immer wieder h\u00f6rt\/liest man in psycho- und philosophischen Beitr\u00e4gen, dass das sch\u00e4rfste Schwert gegen Verlautbarungen jeglicher Art die Gleichg\u00fcltigkeit ist.<\/p>\n<p>Ich versuche mal, einige Punkte logisch zusammenzufassen.<\/p>\n<p><span style=\"font-weight: bold;\">&#8211; POLITIK &#8211;<\/span><br \/>\n1. F\u00fcr gesellschaftliche Ver\u00e4nderungen bedarf es der mehrheitlichen Zustimmung !<br \/>\n2. Die Legislative spricht f\u00fcr die Mehrheit des Volkes.<br \/>\n3. Da die Rechtsextreme keine(..) Stimmen in der Legislative hat, kann auch keine \u00c4nderung zugunsten rechtsnationaler Sichtweisen eintreten.<\/p>\n<p>Heisst also : Die Retro-Nationalsozialisten haben gar keine Chance, etwas an der Gesetzgebung zu \u00e4ndern.<\/p>\n<p><span style=\"font-weight: bold;\">&#8211; GESELLSCHAFT &#8211;<\/span><br \/>\n1. Die Rechtsgesinnten sind eine Minderheit<br \/>\n2. Sie beziehen ihre St\u00e4rke aus dem Zusammenhalt aufgrund der Aversion der Anderen ( Mehrheit ? )<br \/>\n3. Die Argumente dieser Randgruppe sind h\u00f6chst fragw\u00fcrdig.<\/p>\n<p>Heisst:<br \/>\nA. Warum gibt es Gegendemonstrationen zu Faschistischen Aufl\u00e4ufen, wenn die Aussagen nichts wert sind ?<br \/>\nB. Warum wird dem Gro\u00dfteil der Nationalsozialisten der Ausstieg durch Hass erschwert ?<\/p>\n<p>Gebt diesen Menschen &#8211; besonders den Mitl\u00e4ufern &#8211; ihre W\u00fcrde zur\u00fcck. Wenn es erlaubt w\u00e4re, mit Gem\u00fcse und Steinen zu schmeissen, die Antifas w\u00fcrden es tun. Warum sollten sie ihre gleichgesinnten Freunde aufgeben, wenn sie eh durch alle Anderen gehasst werden &#8211; bis zum massenhypnotischen &#8222;Nazis Raus&#8220;. Was dieser Spruch soll, ist mir eh unklar.<\/p>\n<p><span style=\"font-weight: bold;\">Gleichg\u00fcltigkeit<\/span> &#8211;  Lasst sie einfach sein !<br \/>\nJede Hetze gegen die Extremen best\u00e4rkt nur ihre Uneinsicht.<\/p>\n<p>Heute ist wieder eine Demo von Rechten in Seelow bei Berlin. Was ist dort los ? Gr\u00f6hlende Antifas und Sprechch\u00f6re wie zu Zeiten der Inquisition &#8211; &#8222;Verbrennt die Hexe&#8220;.. Ein kleine Horde buckliger <img decoding=\"async\" title=\"Smile\" src=\"http:\/\/phreekz.de\/Forum3\/images\/smilies\/icon_smile.gif\" alt=\":)\" \/> Faschos, die ihre St\u00e4rke k\u00f6rperlich vorweisen. Der Besuch eines WKII-Gefallenen-Friedhofs ist nur eine oberfl\u00e4chliche Art, Aufsehen zu erregen. Ein Kr\u00fcmel in der eigentlichen Problematik. Da stehen sie wieder, die Verurteilten und die Rechtschaffenden.<\/p>\n<p>&#8212;&#8212;&#8212;&#8212;&#8212;&#8212;&#8212;&#8212;&#8212;&#8212;&#8212;&#8212;&#8212;&#8212;&#8212;&#8212;&#8212;&#8212;&#8212;&#8212;&#8212;&#8212;&#8212;&#8212;&#8212;&#8212;&#8212;<\/p>\n<p>Es gibt ein Argument, dass den meisten Extremen ( auch den Linken ) innewohnt:<\/p>\n<p><span style=\"font-weight: bold;\">Andere haben mehr als ich. Anderen geht es besser als mir.<\/span><\/p>\n<p>Es geht hier um einen elementaren Drang jeden Lebewesens. Wie soll ich \u00dcberleben, wenn ich mir kaum ein Dach \u00fcber dem Kopf noch die Lebensmittel leisten kann.<\/p>\n<p>M\u00f6gliche Erkl\u00e4rungsversuche:<br \/>\n1. Der Staat hat es vers\u00e4umt, f\u00fcr Arbeit zu sorgen. Im Zuge der Globalisierung haben sich die Gro\u00dfkonzerne &#8211; die bis Letztens in D noch einen seri\u00f6sen und lukrativen Standort gesehen haben &#8211; als Parasiten und Imperialisten in Niedrigstlohnl\u00e4ndern angesiedelt.<\/p>\n<p>&#8212;-<br \/>\nAndere k\u00f6nnen weitermachen und argumentieren, ich bin erstmal mit<br \/>\nmeinem Latein am Ende.<\/p>\n<p>Danke f\u00fcr die Beteiligung. chmee<\/p>\n","protected":false},"excerpt":{"rendered":"<p>Immer wieder h\u00f6rt\/liest man in psycho- und philosophischen Beitr\u00e4gen, dass das sch\u00e4rfste Schwert gegen Verlautbarungen jeglicher Art die Gleichg\u00fcltigkeit ist. Ich versuche mal, einige Punkte logisch zusammenzufassen. &#8211; POLITIK &#8211; 1. F\u00fcr gesellschaftliche Ver\u00e4nderungen bedarf es der mehrheitlichen Zustimmung ! 2. Die Legislative spricht f\u00fcr die Mehrheit des Volkes. 3. Da die Rechtsextreme keine(..) Stimmen&hellip; <a class=\"more-link\" href=\"http:\/\/www.phreekz.de\/wordpress\/2006\/11\/politisches-allerlei-national-sein\/\"><span class=\"screen-reader-text\">Politisches Allerlei &#8211; National sein?<\/span> weiterlesen<\/a><\/p>\n","protected":false},"author":1,"featured_media":0,"comment_status":"open","ping_status":"open","sticky":false,"template":"","format":"standard","meta":{"footnotes":""},"categories":[1],"tags":[25],"class_list":["post-118","post","type-post","status-publish","format-standard","hentry","category-allgemein","tag-philosophie","entry"],"_links":{"self":[{"href":"http:\/\/www.phreekz.de\/wordpress\/wp-json\/wp\/v2\/posts\/118","targetHints":{"allow":["GET"]}}],"collection":[{"href":"http:\/\/www.phreekz.de\/wordpress\/wp-json\/wp\/v2\/posts"}],"about":[{"href":"http:\/\/www.phreekz.de\/wordpress\/wp-json\/wp\/v2\/types\/post"}],"author":[{"embeddable":true,"href":"http:\/\/www.phreekz.de\/wordpress\/wp-json\/wp\/v2\/users\/1"}],"replies":[{"embeddable":true,"href":"http:\/\/www.phreekz.de\/wordpress\/wp-json\/wp\/v2\/comments?post=118"}],"version-history":[{"count":2,"href":"http:\/\/www.phreekz.de\/wordpress\/wp-json\/wp\/v2\/posts\/118\/revisions"}],"predecessor-version":[{"id":120,"href":"http:\/\/www.phreekz.de\/wordpress\/wp-json\/wp\/v2\/posts\/118\/revisions\/120"}],"wp:attachment":[{"href":"http:\/\/www.phreekz.de\/wordpress\/wp-json\/wp\/v2\/media?parent=118"}],"wp:term":[{"taxonomy":"category","embeddable":true,"href":"http:\/\/www.phreekz.de\/wordpress\/wp-json\/wp\/v2\/categories?post=118"},{"taxonomy":"post_tag","embeddable":true,"href":"http:\/\/www.phreekz.de\/wordpress\/wp-json\/wp\/v2\/tags?post=118"}],"curies":[{"name":"wp","href":"https:\/\/api.w.org\/{rel}","templated":true}]}}